{"id":224,"date":"2011-09-01T20:37:47","date_gmt":"2011-09-01T19:37:47","guid":{"rendered":"http:\/\/www.merle-buehrer.de\/gs\/?p=224"},"modified":"2011-09-01T20:37:47","modified_gmt":"2011-09-01T19:37:47","slug":"zusatzstoffe","status":"publish","type":"post","link":"https:\/\/merle-buehrer.de\/gs\/2011\/09\/01\/zusatzstoffe\/","title":{"rendered":"Zusatzstoffe"},"content":{"rendered":"<p>Seit Tagen geht mir das Wort Zusatzstoffe nicht mehr aus dem Sinn. Genauer seit ich gelesen habe, dass es hier in der N\u00e4he, auf dem Hamburger Gro\u00dfmarkt, ein <a href=\"http:\/\/www.zusatzstoffmuseum.de\/das-museum.html\" target=\"_blank\">Deutsches Zusatzstoff-Museum<\/a> gibt. Ja gut, der Hauptsponsor ist die Firma Frosta. Das muss ja noch nicht ehrenr\u00fchrig sein. Und die wissenschaftliche Konzeption stammt von Udo Pollmer. Ich bin Udo-Pollmer-Fan der ersten Stunde, wenn auch oder gerade weil er sich immer wieder verheddert und regelm\u00e4\u00dfig ein &#8222;Was sagt er denn jetzt schon wieder?&#8220; ausl\u00f6st.<\/p>\n<p>Ich will da nat\u00fcrlich hin. Mich ein wenig ekeln, ein wenig emp\u00f6ren und ein wenig von der guten alten Zeit schw\u00e4rmen und dann nach Hause fahren und eine Karotte mit zwei Trieben ernten. Doch, solche M\u00f6hren gibt es! Halt nicht im Supermarkt, aber auf dem Feld kommen sie schon vor. Nur werden sie dann sofort vermulcht und untergepfl\u00fcgt, weil das ja keiner kaufen w\u00fcrde. Und dann habe ich wieder ein reines Gewissen und kann f\u00fcr ein paar Tage unbesorgt Eier auf dem Wochenmarkt kaufen, ohne nach dem Vornamen der Henne fragen zu m\u00fcssen, und kann Sahne mit Carrageen kaufen, weil f\u00fcr richtige Sahne m\u00fcsste ich weiter fahren, die gibts hier nicht um die Ecke.<\/p>\n<p>Und vielleicht lerne ich auch ein wenig dar\u00fcber, was Zusatzstoffe eigentlich sind. Salz und Pfeffer, zum Beispiel, waren wohl die erste Zus\u00e4tze, und ich will sie nicht missen m\u00fcssen. Auf das Galle-Sekret von Flederm\u00e4usen, das von den alten R\u00f6mern gerne zugesetzt wurde, meine ich verzichten zu k\u00f6nnen, habe es allerdings nie probiert.<\/p>\n<p>Um Gotteswillen, nein! Ich will das Problem nicht herunterspielen! Gott bewahre! Zusatzstoffe sind b\u00f6se &#8211; keine Frage. Aber was ich halt immer vermisse, sind ein paar Adjektive. Giftige Zusatzstoffe, zum Beispiel oder eklige Zusatzstoffe, von mir aus, oder in-der-Wirkung-unerforschte Zusatzstoffe. So was in der Richtung.<\/p>\n<p>\u00dcber Zus\u00e4tze einfach so kann ich mich n\u00e4mlich nicht richtig echauffieren. Wor\u00fcber ich mich aber wirklich aufregen k\u00f6nnte, sind unn\u00f6tige Zusatzstoffe oder spart-Geld-und-merkt-keiner-Zusatzstoffe. Und wenn ich schon beim Aufregen bin, dann mache ich halt gleich weiter mit undeklarierten Zusatzstoffen oder &#8211; noch schlimmer &#8211; umdeklarierten Zusatzsoffen oder anders gesagt: Hefeextrakt statt Glutamat und nat\u00fcrliche Fette statt ausrangiertes Getriebe\u00f6l.<\/p>\n<p>Ich glaub, ich fahr da einfach mal hin.<\/p>\n<p>Im <strong>K\u00fcchentagebuch<\/strong> hat es mich schon wieder erwischt. M\u00f6hrencurry &#8211; ein Rezept von 1990. Ich habe gar nicht versucht, einen Link zu finden, sondern selbst einen gebastelt &#8211; ich hoffe, eventuelle Urheberrechtsverletzungen sind inzwischen verj\u00e4hrt:<\/p>\n<ul>\n<li><a href=\"http:\/\/www.merle-buehrer.de\/gs\/rezepte\/moehrencurry.pdf\" target=\"_blank\">M\u00f6hrencurry<\/a> und <a href=\"http:\/\/www.effilee.de\/rezept\/schneller-teller\/nackensteaks-mit-hoisin-sesam-sauce-reis-und-scharfem-gurkensalat-51507\" target=\"_blank\">Schweinenacken mit Hoisinsauce.<\/a><\/li>\n<li>Quarkcreme mit August-Erdbeeren<\/li>\n<\/ul>\n<p>Und warum?<\/p>\n<ul>\n<li>Bevor ich wegfahre muss noch ein wenig Ordnung ins Gem\u00fcsebeet. Und der Schweinenacken auf einem &#8222;Schnellen Teller&#8220; im Effilee schien mir passend. Ich bin ja kein Fan von Fertig-Saucen, aber diese Hoisin-Sauce hats mir angetan.<\/li>\n<li>Es gibt tats\u00e4chlich noch August-Erdbeeren im Garten. Obwohl ich sie mit einem Kalender besucht habe auf dem deutlich der Monat September zu erkennen war! Es ist einfach kein Verlass mehr auf die Natur.<\/li>\n<\/ul>\n<p>&nbsp;<\/p>\n","protected":false},"excerpt":{"rendered":"<p>Seit Tagen geht mir das Wort Zusatzstoffe nicht mehr aus dem Sinn. Genauer seit ich gelesen habe, dass es hier in der N\u00e4he, auf dem Hamburger Gro\u00dfmarkt, ein Deutsches Zusatzstoff-Museum gibt. Ja gut, der Hauptsponsor ist die Firma Frosta. Das muss ja noch nicht ehrenr\u00fchrig sein. Und die wissenschaftliche Konzeption stammt von Udo Pollmer. Ich &#8230; <a title=\"Zusatzstoffe\" class=\"read-more\" href=\"https:\/\/merle-buehrer.de\/gs\/2011\/09\/01\/zusatzstoffe\/\" aria-label=\"Mehr Informationen \u00fcber Zusatzstoffe\">Weiterlesen<\/a><\/p>\n","protected":false},"author":1,"featured_media":0,"comment_status":"open","ping_status":"open","sticky":false,"template":"","format":"standard","meta":{"footnotes":""},"categories":[7,9,12,1],"tags":[],"class_list":["post-224","post","type-post","status-publish","format-standard","hentry","category-garten","category-gemuse","category-rezept","category-uncategorized"],"_links":{"self":[{"href":"https:\/\/merle-buehrer.de\/gs\/wp-json\/wp\/v2\/posts\/224","targetHints":{"allow":["GET"]}}],"collection":[{"href":"https:\/\/merle-buehrer.de\/gs\/wp-json\/wp\/v2\/posts"}],"about":[{"href":"https:\/\/merle-buehrer.de\/gs\/wp-json\/wp\/v2\/types\/post"}],"author":[{"embeddable":true,"href":"https:\/\/merle-buehrer.de\/gs\/wp-json\/wp\/v2\/users\/1"}],"replies":[{"embeddable":true,"href":"https:\/\/merle-buehrer.de\/gs\/wp-json\/wp\/v2\/comments?post=224"}],"version-history":[{"count":4,"href":"https:\/\/merle-buehrer.de\/gs\/wp-json\/wp\/v2\/posts\/224\/revisions"}],"predecessor-version":[{"id":228,"href":"https:\/\/merle-buehrer.de\/gs\/wp-json\/wp\/v2\/posts\/224\/revisions\/228"}],"wp:attachment":[{"href":"https:\/\/merle-buehrer.de\/gs\/wp-json\/wp\/v2\/media?parent=224"}],"wp:term":[{"taxonomy":"category","embeddable":true,"href":"https:\/\/merle-buehrer.de\/gs\/wp-json\/wp\/v2\/categories?post=224"},{"taxonomy":"post_tag","embeddable":true,"href":"https:\/\/merle-buehrer.de\/gs\/wp-json\/wp\/v2\/tags?post=224"}],"curies":[{"name":"wp","href":"https:\/\/api.w.org\/{rel}","templated":true}]}}