{"id":236,"date":"2011-09-07T20:02:45","date_gmt":"2011-09-07T19:02:45","guid":{"rendered":"http:\/\/www.merle-buehrer.de\/gs\/?p=236"},"modified":"2011-09-07T20:02:45","modified_gmt":"2011-09-07T19:02:45","slug":"gbpf-portwein-feigen-challenge","status":"publish","type":"post","link":"https:\/\/merle-buehrer.de\/gs\/2011\/09\/07\/gbpf-portwein-feigen-challenge\/","title":{"rendered":"GBPF: Portwein-Feigen-Challenge"},"content":{"rendered":"<p>In einem Anfall von Haben-Will habe ich Feigen gekauft. Teure Feigen, viele Feigen. Irgendwas sollte ich jetzt auch damit machen. Mein Router hat Husten, da macht eine Internetsuche nicht richtig Spa\u00df. Also ab ans Regal mit den Kochb\u00fcchern und \u2013 ja, Johann Lafer wei\u00df nat\u00fcrlich Rat: Sherrycreme mit Portweinfeigen. H\u00f6rt sich gut an und: Wer lesen kann, der kann auch kochen (sagt die <a href=\"http:\/\/entegutallesgut.wordpress.com\/2011\/08\/08\/teuflisch-boser-entencontent\/#comment-4468\" target=\"_blank\">Ente<\/a>). Nur: Wer Lafer-Desserts liest, der muss auch kochen k\u00f6nnen wollen \u2013 und nicht nur mein Router f\u00fchlt sich heute schlapp.<\/p>\n<p>Also Blick schweifen lassen, und da! Hab ich etwa ein Buch von Eckhart Witzigmann? Nur mit Desserts? V\u00f6llig vergessen. Nein, nicht vergessen, aber offensichtlich nie durchbl\u00e4ttert. Soo schwierig sind die Rezepte darin gar nicht zu machen \u2013 ganz im Gegensatz zu den Fotos. Und nat\u00fcrlich macht auch er Portweinfeigen, was also liegt n\u00e4her als ein Challenge auszurufen, einen Award zu vergeben: <strong>G<\/strong>ermanys <strong>B<\/strong>est <strong>P<\/strong>ortwein<strong>F<\/strong>eigen, featuring Johann Lafer und Eckhard Witzigmann.<\/p>\n<p>Wir wollen jetzt mal nicht kleinlich darauf hinweisen, dass beide \u00d6sterreicher sind, da haben wir schon ganz andere Kaliber integriert. Die Feigen reichen, es kann losgehen. Witzigmann hat eindeutig die Nase vorn, wenn es um den geringen Aufwand geht; genau was ich heute brauche. Au\u00dferdem serviert er sie mit Stracciatellaeis und Schokoladenschaum. So was \u00c4hnliches ist von gestern noch \u00fcbrig, also steht das <strong>K\u00fcchentagebuch<\/strong>:<\/p>\n<ul>\n<li>Bratkartoffeln mit geschnetzeltem Schweinefilet, Champignons und Salat<\/li>\n<li>Marmorierte Mousse mit Portweinfeigen (a la Witzigmann)<\/li>\n<\/ul>\n<figure id=\"attachment_237\" aria-describedby=\"caption-attachment-237\" style=\"width: 590px\" class=\"wp-caption alignnone\"><a href=\"http:\/\/www.merle-buehrer.de\/gs\/wp-content\/uploads\/2011\/09\/witzigmann.jpg\"><img loading=\"lazy\" decoding=\"async\" class=\"size-full wp-image-237\" title=\"witzigmann\" src=\"http:\/\/www.merle-buehrer.de\/gs\/wp-content\/uploads\/2011\/09\/witzigmann.jpg\" alt=\"\" width=\"600\" height=\"583\" srcset=\"https:\/\/merle-buehrer.de\/gs\/wp-content\/uploads\/2011\/09\/witzigmann.jpg 600w, https:\/\/merle-buehrer.de\/gs\/wp-content\/uploads\/2011\/09\/witzigmann-300x291.jpg 300w\" sizes=\"auto, (max-width: 600px) 100vw, 600px\" \/><\/a><figcaption id=\"caption-attachment-237\" class=\"wp-caption-text\">Startnummer 1: Witzigmann<\/figcaption><\/figure>\n<h2>F\u00fcr die Portweinfeigen<\/h2>\n<p>den Backofen auf 180\u00b0 vorheizen. <strong>12 kleine Feigen<\/strong> sch\u00e4len (hab ich durch waschen ersetzt), in eine feuerfeste Form stellen und mit Puderzucker best\u00e4uben. <strong>100 ml Portwein<\/strong> und <strong>100 ml Grand Marnier<\/strong> angie\u00dfen. Die Feigen 10 bis 12 Minuten auf der mittleren Schiene des Ofens pochieren, aus dem Ofen nehmen und warm halten.<\/p>\n<p>Fazit<\/p>\n<p>Startnummer 1 besticht durch unkomplizierte Anweisungen und eine \u00fcberschaubare Zutatenliste. Umso wichtiger scheint dann allerdings die Qualit\u00e4t der Zutaten und Beigaben. Wahrscheinlich der Grund, weshalb Kandidat 1 nicht v\u00f6llig \u00fcberzeugen konnte und das Rennen vor dem morgigen Auftritt des Rivalen noch nicht entschieden ist.<\/p>\n<p>Obwohl ich trotz ausdr\u00fccklicher Erlaubnis des Meisters auf das Stracciatella verzichtet habe, werde ich jetzt wohl noch zum K\u00fchlschrank gehen und die eine \u00fcbrig gebliebene Feige mit etwas Vanilleeis verdr\u00fccken.<\/p>\n","protected":false},"excerpt":{"rendered":"<p>In einem Anfall von Haben-Will habe ich Feigen gekauft. Teure Feigen, viele Feigen. Irgendwas sollte ich jetzt auch damit machen. Mein Router hat Husten, da macht eine Internetsuche nicht richtig Spa\u00df. Also ab ans Regal mit den Kochb\u00fcchern und \u2013 ja, Johann Lafer wei\u00df nat\u00fcrlich Rat: Sherrycreme mit Portweinfeigen. H\u00f6rt sich gut an und: Wer &#8230; <a title=\"GBPF: Portwein-Feigen-Challenge\" class=\"read-more\" href=\"https:\/\/merle-buehrer.de\/gs\/2011\/09\/07\/gbpf-portwein-feigen-challenge\/\" aria-label=\"Mehr Informationen \u00fcber GBPF: Portwein-Feigen-Challenge\">Weiterlesen<\/a><\/p>\n","protected":false},"author":1,"featured_media":237,"comment_status":"open","ping_status":"open","sticky":false,"template":"","format":"standard","meta":{"footnotes":""},"categories":[11,10,12],"tags":[],"class_list":["post-236","post","type-post","status-publish","format-standard","hentry","category-dessert","category-obst","category-rezept"],"_links":{"self":[{"href":"https:\/\/merle-buehrer.de\/gs\/wp-json\/wp\/v2\/posts\/236","targetHints":{"allow":["GET"]}}],"collection":[{"href":"https:\/\/merle-buehrer.de\/gs\/wp-json\/wp\/v2\/posts"}],"about":[{"href":"https:\/\/merle-buehrer.de\/gs\/wp-json\/wp\/v2\/types\/post"}],"author":[{"embeddable":true,"href":"https:\/\/merle-buehrer.de\/gs\/wp-json\/wp\/v2\/users\/1"}],"replies":[{"embeddable":true,"href":"https:\/\/merle-buehrer.de\/gs\/wp-json\/wp\/v2\/comments?post=236"}],"version-history":[{"count":2,"href":"https:\/\/merle-buehrer.de\/gs\/wp-json\/wp\/v2\/posts\/236\/revisions"}],"predecessor-version":[{"id":239,"href":"https:\/\/merle-buehrer.de\/gs\/wp-json\/wp\/v2\/posts\/236\/revisions\/239"}],"wp:featuredmedia":[{"embeddable":true,"href":"https:\/\/merle-buehrer.de\/gs\/wp-json\/wp\/v2\/media\/237"}],"wp:attachment":[{"href":"https:\/\/merle-buehrer.de\/gs\/wp-json\/wp\/v2\/media?parent=236"}],"wp:term":[{"taxonomy":"category","embeddable":true,"href":"https:\/\/merle-buehrer.de\/gs\/wp-json\/wp\/v2\/categories?post=236"},{"taxonomy":"post_tag","embeddable":true,"href":"https:\/\/merle-buehrer.de\/gs\/wp-json\/wp\/v2\/tags?post=236"}],"curies":[{"name":"wp","href":"https:\/\/api.w.org\/{rel}","templated":true}]}}