{"id":249,"date":"2011-09-10T21:36:38","date_gmt":"2011-09-10T20:36:38","guid":{"rendered":"http:\/\/www.merle-buehrer.de\/gs\/?p=249"},"modified":"2011-09-10T21:36:38","modified_gmt":"2011-09-10T20:36:38","slug":"alles-halb-so-schlimm","status":"publish","type":"post","link":"https:\/\/merle-buehrer.de\/gs\/2011\/09\/10\/alles-halb-so-schlimm\/","title":{"rendered":"Alles halb so schlimm"},"content":{"rendered":"<p>Das mit dem K\u00fcrbis und dem Winter, da habe ich wohl \u00fcberreagiert. So schlimm war der Sommer ja gar nicht.<\/p>\n<p>Heute Morgen konnte ich endlich mal wieder ohne Schwimmfl\u00fcgel in den Garten und &#8211; siehe da, bei einem Sonnenstrahl (ein einziger reicht da schon) sieht alles gleich ganz anders aus. Zum Beispiel wachsen und bl\u00fchen da Erdbeeren (hoffentlich sieht meine Mutter das Unkraut nicht) &#8211; erinnert doch irgendwie an Juli, oder?<\/p>\n<p><a href=\"http:\/\/www.merle-buehrer.de\/gs\/wp-content\/uploads\/2011\/09\/erbeerchili.jpg\"><img loading=\"lazy\" decoding=\"async\" class=\"alignnone size-full wp-image-250\" title=\"erbeerchili\" src=\"http:\/\/www.merle-buehrer.de\/gs\/wp-content\/uploads\/2011\/09\/erbeerchili.jpg\" alt=\"\" width=\"600\" height=\"402\" srcset=\"https:\/\/merle-buehrer.de\/gs\/wp-content\/uploads\/2011\/09\/erbeerchili.jpg 600w, https:\/\/merle-buehrer.de\/gs\/wp-content\/uploads\/2011\/09\/erbeerchili-300x201.jpg 300w\" sizes=\"auto, (max-width: 600px) 100vw, 600px\" \/><\/a><\/p>\n<p>Und der Chili-Strauch, dem ich nie eine Chance gegeben habe, sieht der aus als h\u00e4tte er zu wenig Sonne abbekommen? Na also.<\/p>\n<p>Und da ist noch ein Lorbeerbusch, von dem ich gelesen habe, er f\u00fchle sich in s\u00fcdlichen Gefilden wohl, mit viel Sonne und wenig Feuchtigkeit. Sauber akklimatisiert.<\/p>\n<p><a href=\"http:\/\/www.merle-buehrer.de\/gs\/wp-content\/uploads\/2011\/09\/lorbeeraepfel.jpg\"><img loading=\"lazy\" decoding=\"async\" class=\"alignnone size-full wp-image-251\" title=\"lorbeeraepfel\" src=\"http:\/\/www.merle-buehrer.de\/gs\/wp-content\/uploads\/2011\/09\/lorbeeraepfel.jpg\" alt=\"\" width=\"600\" height=\"402\" srcset=\"https:\/\/merle-buehrer.de\/gs\/wp-content\/uploads\/2011\/09\/lorbeeraepfel.jpg 600w, https:\/\/merle-buehrer.de\/gs\/wp-content\/uploads\/2011\/09\/lorbeeraepfel-300x201.jpg 300w\" sizes=\"auto, (max-width: 600px) 100vw, 600px\" \/><\/a><\/p>\n<p>Genau wie die \u00c4pfel. Die sind von hier und das Sauwetter gewohnt, aber wer so sch\u00f6n rot wird, der sollte sich doch wohl nicht beklagen.<\/p>\n<p>Alles in allem: Ein Super-Sommer, man darf sich halt nur nicht bei l\u00e4ppischen drei oder vier Wochen Dauerregen gleich der Sommerdepression ergeben. Auf einen sch\u00f6nen Herbst!<\/p>\n<p>Das <strong>K\u00fcchentagebuch<\/strong>:<\/p>\n<ul>\n<li>Wiener Schnitzel, Pommes frites und Salat<\/li>\n<li>Vanillepudding<\/li>\n<\/ul>\n<p><a href=\"http:\/\/www.merle-buehrer.de\/gs\/wp-content\/uploads\/2011\/09\/schniposa.jpg\"><img loading=\"lazy\" decoding=\"async\" class=\"alignnone size-full wp-image-252\" title=\"schniposa\" src=\"http:\/\/www.merle-buehrer.de\/gs\/wp-content\/uploads\/2011\/09\/schniposa.jpg\" alt=\"\" width=\"600\" height=\"802\" srcset=\"https:\/\/merle-buehrer.de\/gs\/wp-content\/uploads\/2011\/09\/schniposa.jpg 600w, https:\/\/merle-buehrer.de\/gs\/wp-content\/uploads\/2011\/09\/schniposa-224x300.jpg 224w\" sizes=\"auto, (max-width: 600px) 100vw, 600px\" \/><\/a><\/p>\n<p>Und warum?<\/p>\n<ul>\n<li>Der Metzger hatte Kalbschnitzel. Da ich immer der bin, der danach fragt, konnte ich ja schlecht sagen: N\u00f6, heute nicht. Und Schniposa (Schnitzel, Pommes und Salat) ist immer gut f\u00fcr die Seele eines ambitionierten Koch-Dilettanten. Mit ein bisschen \u00dcbung und selbstzertr\u00fcmmerten Semmeln und selbstgeschnitzten Pommes und selbstgequetschtem Ketchup und selbstgeerntetem Salat schafft man meistens ein Resultat, das alle Wirtsh\u00e4user im Umkreis von mehreren hundert Kilometern mit ihren \u00f6ligen Kartoffelst\u00e4bchen und ihren zu Tode frittierten Schweineschnitzeln und ihren abgesoffenen Essigbl\u00e4ttern weit in den Schatten stellt.<\/li>\n<li>Weil ein Nachtisch inzwischen Pflicht ist, sagt Sohn T.<\/li>\n<\/ul>\n<p>&nbsp;<\/p>\n<p>&nbsp;<\/p>\n","protected":false},"excerpt":{"rendered":"<p>Das mit dem K\u00fcrbis und dem Winter, da habe ich wohl \u00fcberreagiert. So schlimm war der Sommer ja gar nicht. Heute Morgen konnte ich endlich mal wieder ohne Schwimmfl\u00fcgel in den Garten und &#8211; siehe da, bei einem Sonnenstrahl (ein einziger reicht da schon) sieht alles gleich ganz anders aus. Zum Beispiel wachsen und bl\u00fchen &#8230; <a title=\"Alles halb so schlimm\" class=\"read-more\" href=\"https:\/\/merle-buehrer.de\/gs\/2011\/09\/10\/alles-halb-so-schlimm\/\" aria-label=\"Mehr Informationen \u00fcber Alles halb so schlimm\">Weiterlesen<\/a><\/p>\n","protected":false},"author":1,"featured_media":250,"comment_status":"open","ping_status":"open","sticky":false,"template":"","format":"standard","meta":{"footnotes":""},"categories":[34,31,8],"tags":[],"class_list":["post-249","post","type-post","status-publish","format-standard","hentry","category-fritieren","category-kalb","category-tagebuch"],"_links":{"self":[{"href":"https:\/\/merle-buehrer.de\/gs\/wp-json\/wp\/v2\/posts\/249","targetHints":{"allow":["GET"]}}],"collection":[{"href":"https:\/\/merle-buehrer.de\/gs\/wp-json\/wp\/v2\/posts"}],"about":[{"href":"https:\/\/merle-buehrer.de\/gs\/wp-json\/wp\/v2\/types\/post"}],"author":[{"embeddable":true,"href":"https:\/\/merle-buehrer.de\/gs\/wp-json\/wp\/v2\/users\/1"}],"replies":[{"embeddable":true,"href":"https:\/\/merle-buehrer.de\/gs\/wp-json\/wp\/v2\/comments?post=249"}],"version-history":[{"count":3,"href":"https:\/\/merle-buehrer.de\/gs\/wp-json\/wp\/v2\/posts\/249\/revisions"}],"predecessor-version":[{"id":255,"href":"https:\/\/merle-buehrer.de\/gs\/wp-json\/wp\/v2\/posts\/249\/revisions\/255"}],"wp:featuredmedia":[{"embeddable":true,"href":"https:\/\/merle-buehrer.de\/gs\/wp-json\/wp\/v2\/media\/250"}],"wp:attachment":[{"href":"https:\/\/merle-buehrer.de\/gs\/wp-json\/wp\/v2\/media?parent=249"}],"wp:term":[{"taxonomy":"category","embeddable":true,"href":"https:\/\/merle-buehrer.de\/gs\/wp-json\/wp\/v2\/categories?post=249"},{"taxonomy":"post_tag","embeddable":true,"href":"https:\/\/merle-buehrer.de\/gs\/wp-json\/wp\/v2\/tags?post=249"}],"curies":[{"name":"wp","href":"https:\/\/api.w.org\/{rel}","templated":true}]}}