{"id":259,"date":"2011-09-12T20:37:49","date_gmt":"2011-09-12T19:37:49","guid":{"rendered":"http:\/\/www.merle-buehrer.de\/gs\/?p=259"},"modified":"2011-09-12T20:37:49","modified_gmt":"2011-09-12T19:37:49","slug":"selbstversorger","status":"publish","type":"post","link":"https:\/\/merle-buehrer.de\/gs\/2011\/09\/12\/selbstversorger\/","title":{"rendered":"Selbstversorger"},"content":{"rendered":"<p>Heute also Einkaufsvermeidungsverhalten; was hat der Garten zu bieten? Immer noch Karotten, ein paar Zucchini, K\u00fcrbisse, Schmorgurken &#8211; was um alles in der Welt mach ich mit Schmorgurken? &#8211; und Mangold.<\/p>\n<p><a href=\"http:\/\/www.merle-buehrer.de\/gs\/wp-content\/uploads\/2011\/09\/mangoldtarte.jpg\"><img loading=\"lazy\" decoding=\"async\" class=\"alignnone size-full wp-image-260\" title=\"mangoldtarte\" src=\"http:\/\/www.merle-buehrer.de\/gs\/wp-content\/uploads\/2011\/09\/mangoldtarte.jpg\" alt=\"\" width=\"600\" height=\"803\" srcset=\"https:\/\/merle-buehrer.de\/gs\/wp-content\/uploads\/2011\/09\/mangoldtarte.jpg 600w, https:\/\/merle-buehrer.de\/gs\/wp-content\/uploads\/2011\/09\/mangoldtarte-224x300.jpg 224w\" sizes=\"auto, (max-width: 600px) 100vw, 600px\" \/><\/a><\/p>\n<p>Der Mangold ist einfach nachgewachsen. Scheint so zu sein, mich hat&#8217;s trotzdem \u00fcberrascht. K\u00f6nnt eigentlich bei allem so sein &#8211; zwei oder drei Ernten w\u00e4ren doch allemal besser als eine. Vielleicht reich ich an h\u00f6herer Stelle mal einen Verbesserungsvorschlag ein. Wird vielleicht sogar honoriert. Erfahrungsgem\u00e4\u00df dauert das aber mit der Evolution; vielleicht erst in der n\u00e4chsten Generation; man nennt das nachhaltig! Aber was interessieren mich die n\u00e4chsten Generationen? Was haben die denn je f\u00fcr mich getan? M\u00f6glicherweise ist es besser, ich rufe Monsanto an, dann hab ich auch noch was davon. Nein, war nur ein Scherz!<\/p>\n<p>Also Mangold. Da steht schon lange was auf der Nachkochliste: Die Mangold-Tarte von lamiacucina. Erstens verspricht Robert, die Tarte w\u00e4re &#8222;nicht schlecht&#8220;, was bei einem Schweizer hellh\u00f6rig macht, und zweitens kann ich dabei den Quark-Bl\u00e4tterteig von Frau L. mal ausprobieren, sozusagen als Einstiegsdroge &#8211; und irgendwann im Winter trau ich mich dann an das Original &#8211; 1 Pfund Butter pro Tour oder so.<\/p>\n<p>Zum <strong>K\u00fcchentagebuch<\/strong>:<\/p>\n<ul>\n<li><a href=\"http:\/\/lamiacucina.wordpress.com\/2011\/01\/18\/mangold-tarte\/\" target=\"_blank\">Mangold-Tarte<\/a> (lamiacucina) mit Quark-Bl\u00e4tterteig<\/li>\n<li>Karamell-Eis mit restlicher Fruchtsauce<\/li>\n<\/ul>\n<p><a href=\"http:\/\/www.merle-buehrer.de\/gs\/wp-content\/uploads\/2011\/09\/mangoldtarte_a.jpg\"><img loading=\"lazy\" decoding=\"async\" class=\"alignnone size-full wp-image-261\" title=\"mangoldtarte_a\" src=\"http:\/\/www.merle-buehrer.de\/gs\/wp-content\/uploads\/2011\/09\/mangoldtarte_a.jpg\" alt=\"\" width=\"600\" height=\"803\" srcset=\"https:\/\/merle-buehrer.de\/gs\/wp-content\/uploads\/2011\/09\/mangoldtarte_a.jpg 600w, https:\/\/merle-buehrer.de\/gs\/wp-content\/uploads\/2011\/09\/mangoldtarte_a-224x300.jpg 224w\" sizes=\"auto, (max-width: 600px) 100vw, 600px\" \/><\/a><\/p>\n<p>Und warum?<\/p>\n<ul>\n<li>Mangold und Zwiebel: regional &#8211; ja, ca. 500 m; Bio &#8211; keine Ahnung (ohne Siegel)<br \/>\nButter und Quark: regional &#8211; ist &#8222;Deutschland&#8220; regional? Bio &#8211; garantiert nicht<\/li>\n<li>Eis war noch im TK &#8211; also kein Grund einzukaufen; Fruchtsauce von gestern muss weg<\/li>\n<\/ul>\n<p>Fazit<\/p>\n<p>&#8222;Nicht schlecht.&#8220; Die F\u00fcllung &#8211; urspr\u00fcnglich wohl vom <a href=\"http:\/\/kuriositaetenladen.blogspot.com\/2010\/11\/mangoldquiche.html\" target=\"_blank\">Kleinen Kuriosit\u00e4tenladen<\/a> &#8211; ist delikat und der Teig ist genau meine Kragenweite, gutm\u00fctig, bedarf wenig Zuwendung und ist k\u00f6stlich. Ob er aber die Schwelle zum &#8222;richtigen&#8220; Bl\u00e4tterteig ebnet? Abwarten.<\/p>\n<p>&nbsp;<\/p>\n","protected":false},"excerpt":{"rendered":"<p>Heute also Einkaufsvermeidungsverhalten; was hat der Garten zu bieten? Immer noch Karotten, ein paar Zucchini, K\u00fcrbisse, Schmorgurken &#8211; was um alles in der Welt mach ich mit Schmorgurken? &#8211; und Mangold. Der Mangold ist einfach nachgewachsen. Scheint so zu sein, mich hat&#8217;s trotzdem \u00fcberrascht. K\u00f6nnt eigentlich bei allem so sein &#8211; zwei oder drei Ernten &#8230; <a title=\"Selbstversorger\" class=\"read-more\" href=\"https:\/\/merle-buehrer.de\/gs\/2011\/09\/12\/selbstversorger\/\" aria-label=\"Mehr Informationen \u00fcber Selbstversorger\">Weiterlesen<\/a><\/p>\n","protected":false},"author":1,"featured_media":260,"comment_status":"open","ping_status":"open","sticky":false,"template":"","format":"standard","meta":{"footnotes":""},"categories":[32,9,8],"tags":[],"class_list":["post-259","post","type-post","status-publish","format-standard","hentry","category-backen","category-gemuse","category-tagebuch"],"_links":{"self":[{"href":"https:\/\/merle-buehrer.de\/gs\/wp-json\/wp\/v2\/posts\/259","targetHints":{"allow":["GET"]}}],"collection":[{"href":"https:\/\/merle-buehrer.de\/gs\/wp-json\/wp\/v2\/posts"}],"about":[{"href":"https:\/\/merle-buehrer.de\/gs\/wp-json\/wp\/v2\/types\/post"}],"author":[{"embeddable":true,"href":"https:\/\/merle-buehrer.de\/gs\/wp-json\/wp\/v2\/users\/1"}],"replies":[{"embeddable":true,"href":"https:\/\/merle-buehrer.de\/gs\/wp-json\/wp\/v2\/comments?post=259"}],"version-history":[{"count":3,"href":"https:\/\/merle-buehrer.de\/gs\/wp-json\/wp\/v2\/posts\/259\/revisions"}],"predecessor-version":[{"id":264,"href":"https:\/\/merle-buehrer.de\/gs\/wp-json\/wp\/v2\/posts\/259\/revisions\/264"}],"wp:featuredmedia":[{"embeddable":true,"href":"https:\/\/merle-buehrer.de\/gs\/wp-json\/wp\/v2\/media\/260"}],"wp:attachment":[{"href":"https:\/\/merle-buehrer.de\/gs\/wp-json\/wp\/v2\/media?parent=259"}],"wp:term":[{"taxonomy":"category","embeddable":true,"href":"https:\/\/merle-buehrer.de\/gs\/wp-json\/wp\/v2\/categories?post=259"},{"taxonomy":"post_tag","embeddable":true,"href":"https:\/\/merle-buehrer.de\/gs\/wp-json\/wp\/v2\/tags?post=259"}],"curies":[{"name":"wp","href":"https:\/\/api.w.org\/{rel}","templated":true}]}}