{"id":3151,"date":"2021-10-07T20:48:19","date_gmt":"2021-10-07T18:48:19","guid":{"rendered":"http:\/\/merle-buehrer.de\/gs\/?p=3151"},"modified":"2021-10-07T20:48:21","modified_gmt":"2021-10-07T18:48:21","slug":"pasta-bohnen-speck","status":"publish","type":"post","link":"https:\/\/merle-buehrer.de\/gs\/2021\/10\/07\/pasta-bohnen-speck\/","title":{"rendered":"Pasta, Bohnen, Speck"},"content":{"rendered":"\n<p class=\"has-drop-cap\">Was ich gestern wegen der Frage, woher der Name Orange kommt, und ob Apfelsine nicht der sch\u00f6nere Name ist, total aus dem Auge verloren habe, ist das eigentliche Thema: die Orangen-Marmelade. Auf die freue ich mich schon jetzt wie Bolle. Ich hab zwar noch drei Gl\u00e4schen der letzten Saison im Keller, aber was sind schon drei Gl\u00e4schen. Eines ist beschriftet mit \u00bbOrange\u00ab, eines mit \u00bbBlutorange\u00ab und eines mit \u00bbZitrus\u00ab (ich glaube da waren Zitronen, Limetten, Blut- und normale Orangen im Spiel). Ich wei\u00df nicht, welche besser ist, und f\u00fcr gro\u00dfe Verkostungen reicht die Menge einfach nicht mehr. Zwar ist sich die Nichte sicher, dass \u00bbZitrus\u00ab eindeutig vorne liegt und sich die beiden anderen dahinter ein Kopf-an-Kopf-Rennen liefern, aber das n\u00fctzt ihr nichts, weil ich ja ausgerechnet daf\u00fcr kein Rezept und noch nicht mal eine ungef\u00e4hre Vorstellung vom Mengenverh\u00e4ltnis  habe. Bin ich etwa eine Marmeladen-Fabrik? Und wenn ich es w\u00e4re, d\u00fcrfte ich dann Gs\u00e4lz draufschreiben, oder m\u00fcsste das Marmelade hei\u00dfen? Konfit\u00fcre auf jeden Fall schon mal nicht. Erstens weil mir das Wort nicht \u00fcber die Lippen will. Und zweitens weil es ja Gesetze gibt. Es gibt zwar kein Gesetzt, das vorschreibt, die Zuckermenge zu kennzeichnen, aber eine <a rel=\"noreferrer noopener\" href=\"https:\/\/www.lecker.de\/was-ist-der-unterschied-zwischen-marmelade-und-konfituere-68834.html\" target=\"_blank\">EU-Verordnung<\/a>, die bestimmt, dass Marmelade nur aus Zitrusfr\u00fcchten bestehen darf und alles andere Konfit\u00fcre oder Gelee hei\u00dfen muss, die gibt es schon. Seit dem Brexit nehmen das viele europ\u00e4ische L\u00e4nder nicht mehr ganz so ernst, denn die Briten waren es, die auf diese Verordnung bestanden. Weil es <a rel=\"noreferrer noopener\" href=\"https:\/\/foodiosity.com\/why-is-orange-jam-called-marmalade\/\" target=\"_blank\">schon immer<\/a> so war. Wirklich? Nicht unbedingt. Denn urspr\u00fcnglich war die <em>marmelada <\/em>aus Portugal und war &#8211; wie der Name sagt &#8211; das heute noch beliebte Quittenkonfekt oder Quittenbrot. Manchmal auch auch Quittenkonfit\u00fcre., \u00fcbrigens auch bei den Briten. Die Engl\u00e4nder haben dann irgendwann (wegen fehlender LKW-Fahrer?) die Quitten durch \u00c4pfel ersetzt, daf\u00fcr aber Zitrusfr\u00fcchte zugesetzt, und nachdem sie die \u00c4pfel auch nicht mehr wollten, blieben halt noch die Zitrusfr\u00fcchte. Dank Brexit kann uns das jetzt ziemlich egal sein, aber warum die Portugiesen \u00bb<em>estar na marmelada<\/em>\u00ab sagen, wenn sie \u00bbrumknutschen\u00ab, erschlie\u00dft sich mir weder mit Quitten-, noch mit Apfel- oder Apfelsinen-Marmelade. Sei&#8217;s drum.   <\/p>\n\n\n\n<h2 class=\"wp-block-heading\">K\u00fcchentagebuch, Donnerstag, 7. Oktober 2021<\/h2>\n\n\n\n<ul class=\"wp-block-list\"><li>Pasta e Fagioli (siehe <a href=\"https:\/\/merle-buehrer.de\/gs\/2021\/02\/05\/pasta-e-fagioli-pan-gallego\/\" data-type=\"post\" data-id=\"1332\" target=\"_blank\" rel=\"noreferrer noopener\">hier<\/a>)<\/li><li>mit Bauernbrot<\/li><li>und Parmesan, Pecorino (aus dem Supermarkt) und einem wahnsinnig guten Hartk\u00e4se aus der Lombardei (vom K\u00e4sefachmann)<\/li><\/ul>\n\n\n\n<figure class=\"wp-block-image size-full\"><a href=\"https:\/\/merle-buehrer.de\/gs\/wp-content\/uploads\/2021\/10\/pastafagiolikaesebrot.jpg\"><img loading=\"lazy\" decoding=\"async\" width=\"756\" height=\"1008\" src=\"https:\/\/merle-buehrer.de\/gs\/wp-content\/uploads\/2021\/10\/pastafagiolikaesebrot.jpg\" alt=\"\" class=\"wp-image-3153\" srcset=\"https:\/\/merle-buehrer.de\/gs\/wp-content\/uploads\/2021\/10\/pastafagiolikaesebrot.jpg 756w, https:\/\/merle-buehrer.de\/gs\/wp-content\/uploads\/2021\/10\/pastafagiolikaesebrot-225x300.jpg 225w\" sizes=\"auto, (max-width: 756px) 100vw, 756px\" \/><\/a><figcaption>Das gibt es viel zu selten, immer erst, wenn ich sehr viel zu tun habe, warum?<\/figcaption><\/figure>\n\n\n\n<p><\/p>\n","protected":false},"excerpt":{"rendered":"<p>Was ich gestern wegen der Frage, woher der Name Orange kommt, und ob Apfelsine nicht der sch\u00f6nere Name ist, total aus dem Auge verloren habe, ist das eigentliche Thema: die Orangen-Marmelade. Auf die freue ich mich schon jetzt wie Bolle. Ich hab zwar noch drei Gl\u00e4schen der letzten Saison im Keller, aber was sind schon &#8230; <a title=\"Pasta, Bohnen, Speck\" class=\"read-more\" href=\"https:\/\/merle-buehrer.de\/gs\/2021\/10\/07\/pasta-bohnen-speck\/\" aria-label=\"Mehr Informationen \u00fcber Pasta, Bohnen, Speck\">Weiterlesen<\/a><\/p>\n","protected":false},"author":1,"featured_media":3153,"comment_status":"open","ping_status":"open","sticky":false,"template":"","format":"standard","meta":{"footnotes":""},"categories":[1],"tags":[],"class_list":["post-3151","post","type-post","status-publish","format-standard","hentry","category-uncategorized"],"_links":{"self":[{"href":"https:\/\/merle-buehrer.de\/gs\/wp-json\/wp\/v2\/posts\/3151","targetHints":{"allow":["GET"]}}],"collection":[{"href":"https:\/\/merle-buehrer.de\/gs\/wp-json\/wp\/v2\/posts"}],"about":[{"href":"https:\/\/merle-buehrer.de\/gs\/wp-json\/wp\/v2\/types\/post"}],"author":[{"embeddable":true,"href":"https:\/\/merle-buehrer.de\/gs\/wp-json\/wp\/v2\/users\/1"}],"replies":[{"embeddable":true,"href":"https:\/\/merle-buehrer.de\/gs\/wp-json\/wp\/v2\/comments?post=3151"}],"version-history":[{"count":4,"href":"https:\/\/merle-buehrer.de\/gs\/wp-json\/wp\/v2\/posts\/3151\/revisions"}],"predecessor-version":[{"id":3156,"href":"https:\/\/merle-buehrer.de\/gs\/wp-json\/wp\/v2\/posts\/3151\/revisions\/3156"}],"wp:featuredmedia":[{"embeddable":true,"href":"https:\/\/merle-buehrer.de\/gs\/wp-json\/wp\/v2\/media\/3153"}],"wp:attachment":[{"href":"https:\/\/merle-buehrer.de\/gs\/wp-json\/wp\/v2\/media?parent=3151"}],"wp:term":[{"taxonomy":"category","embeddable":true,"href":"https:\/\/merle-buehrer.de\/gs\/wp-json\/wp\/v2\/categories?post=3151"},{"taxonomy":"post_tag","embeddable":true,"href":"https:\/\/merle-buehrer.de\/gs\/wp-json\/wp\/v2\/tags?post=3151"}],"curies":[{"name":"wp","href":"https:\/\/api.w.org\/{rel}","templated":true}]}}