{"id":3258,"date":"2021-10-24T20:51:56","date_gmt":"2021-10-24T18:51:56","guid":{"rendered":"https:\/\/merle-buehrer.de\/gs\/?p=3258"},"modified":"2021-10-24T20:51:58","modified_gmt":"2021-10-24T18:51:58","slug":"kuerbis-zwiebel-zaatar","status":"publish","type":"post","link":"https:\/\/merle-buehrer.de\/gs\/2021\/10\/24\/kuerbis-zwiebel-zaatar\/","title":{"rendered":"K\u00fcrbis, Zwiebel, Za&#8217;atar"},"content":{"rendered":"\n<p class=\"has-drop-cap\">Wenn er Za&#8217;atar h\u00f6rt, denkt mancher vielleicht OttoLenghi. Und &#8211; ja, nat\u00fcrlich. Aber ich kann nichts daf\u00fcr. Ich habe auf dem Markt einen (zu) gro\u00dfen Butternut-K\u00fcrbis gekauft und vergessen, was ich damit machen wollte. Das sind so die Begleiterscheinungen des Alterns. Aber daf\u00fcr hat man ja das Internet, dass man schnell mal googeln oder eine andere Suchmaschine bem\u00fchen kann. Und ich wei\u00df nicht, was damals vor etwa 10 Jahren passiert ist, aber eine \u00fcberw\u00e4ltigende Zahl (etwa f\u00fcnf oder sechs) von Suchergebnissen versuchte mich davon zu \u00fcberzeugen, den K\u00fcrbis mit roten Zwiebeln und etwas Za&#8217;atar im Ofen zu r\u00f6sten, dann mit einer Tahini-Sauce (mit ein wenig Za&#8217;atar) zu \u00fcbergie\u00dfen und mit Petersilie (und einer ordentlichen Portion Za&#8217;atar) zu bedecken &#8211; und zu essen. [So schildert Uwe das, in den meisten Rezepten gibt es Za&#8217;atar aber nur dr\u00fcber.] Das war 2014, als ich Ottolenghi noch f\u00fcr einen total \u00fcberbewerteten, dem vegetarischen Zeitgeist hinterherhechelnden Freak hielt, und als sein Buch &#8222;Jerusalem&#8220; auf deutsch erschien. Ja, ich war auch mal jung und bl\u00f6d. Aber da alle Zutaten im Haus waren, und Uwe auf <a rel=\"noreferrer noopener\" href=\"https:\/\/www.highfoodality.de\/rezepte\/gemuse-beilagen\/geschmorter-kuerbis-mit-zaatar-und-tahini-sauce\/\" target=\"_blank\">Highfoodality <\/a>mich zu \u00fcberreden versuchte: \u00bb<em>Was mich begeistert: Die S\u00fc\u00dfe des K\u00fcrbis und der roten Zwiebeln findet einen sehr angenehmen Gegenpol in der s\u00e4uerlich-w\u00fcrzigen Tahini-Sauce, die auch ein wenig Bitterkeit mitbringt. Der zus\u00e4tzliche Schwung Za\u2019atar bringt die notwendige W\u00fcrze, und beim Backen ganz nebenbei einen Wahnsinns-Geruch in die K\u00fcche<\/em>\u00ab Na gut, dann mal los.<\/p>\n\n\n\n<h2 class=\"wp-block-heading\">K\u00fcchentagebuch, Sonntag 24. Oktober 2021<\/h2>\n\n\n\n<ul class=\"wp-block-list\"><li>Geschmorter K\u00fcrbis mit Za&#8217;atar und Tahini-Sauce (Uwe habe ich ja oben schon verlinkt, aber auch <a rel=\"noreferrer noopener\" href=\"https:\/\/fotoefornelli.com\/de\/2014\/10\/zucca-arrosto-con-salsa-di-tahina\/\" target=\"_blank\">fotoefornelli<\/a>, <a rel=\"noreferrer noopener\" href=\"https:\/\/www.stylish-living.de\/ofenkuerbis-nach-ottolenghi-mit-tahinisauce-und-zaatar\/\" target=\"_blank\">stylish-living<\/a>, <a rel=\"noreferrer noopener\" href=\"https:\/\/eating-energy.de\/kuerbis-ottolenghi\/\" target=\"_blank\">eating-energy<\/a>, <a rel=\"noreferrer noopener\" href=\"https:\/\/thepoliticon.net\/werbeaktionen\/yotam-ottolenghis-gebratenes-butternut-kurbis\/\" target=\"_blank\">thepoliticon <\/a>oder <a rel=\"noreferrer noopener\" href=\"https:\/\/vielfrassblog.wordpress.com\/2016\/11\/09\/butternut-kuerbis-mit-tahini-und-zaatar\/\" target=\"_blank\">vielfra\u00df <\/a>&#8211; ich bin immer wieder begeistert, wie viele Blogs es gibt, die ich nicht kenne)<\/li><li>Fladenbrot<\/li><\/ul>\n\n\n\n<figure class=\"wp-block-image size-full\"><a href=\"https:\/\/merle-buehrer.de\/gs\/wp-content\/uploads\/2021\/10\/kuerbistahini.jpg\"><img loading=\"lazy\" decoding=\"async\" width=\"756\" height=\"1008\" src=\"https:\/\/merle-buehrer.de\/gs\/wp-content\/uploads\/2021\/10\/kuerbistahini.jpg\" alt=\"\" class=\"wp-image-3263\" srcset=\"https:\/\/merle-buehrer.de\/gs\/wp-content\/uploads\/2021\/10\/kuerbistahini.jpg 756w, https:\/\/merle-buehrer.de\/gs\/wp-content\/uploads\/2021\/10\/kuerbistahini-225x300.jpg 225w\" sizes=\"auto, (max-width: 756px) 100vw, 756px\" \/><\/a><figcaption>der (\u00fcbergro\u00dfe) K\u00fcrbis ist fast weg, war doch gut, dass ich ihn gekauft habe<\/figcaption><\/figure>\n\n\n\n<p><strong>Gebacken<\/strong>: Rosinenbr\u00f6tchen (Lutz Geissler, &#8230; in Perfektion mit Sauerteig) <\/p>\n\n\n\n<figure class=\"wp-block-image size-full\"><a href=\"https:\/\/merle-buehrer.de\/gs\/wp-content\/uploads\/2021\/10\/Rosinenbroetchen.jpg\"><img loading=\"lazy\" decoding=\"async\" width=\"756\" height=\"1008\" src=\"https:\/\/merle-buehrer.de\/gs\/wp-content\/uploads\/2021\/10\/Rosinenbroetchen.jpg\" alt=\"\" class=\"wp-image-3259\" srcset=\"https:\/\/merle-buehrer.de\/gs\/wp-content\/uploads\/2021\/10\/Rosinenbroetchen.jpg 756w, https:\/\/merle-buehrer.de\/gs\/wp-content\/uploads\/2021\/10\/Rosinenbroetchen-225x300.jpg 225w\" sizes=\"auto, (max-width: 756px) 100vw, 756px\" \/><\/a><figcaption>So sehen Rosinenbr\u00f6tchen aus, wenn man an der Eistreiche spart, weil man noch \u00bd Ei anderweitig braucht<\/figcaption><\/figure>\n","protected":false},"excerpt":{"rendered":"<p>Wenn er Za&#8217;atar h\u00f6rt, denkt mancher vielleicht OttoLenghi. Und &#8211; ja, nat\u00fcrlich. Aber ich kann nichts daf\u00fcr. Ich habe auf dem Markt einen (zu) gro\u00dfen Butternut-K\u00fcrbis gekauft und vergessen, was ich damit machen wollte. Das sind so die Begleiterscheinungen des Alterns. Aber daf\u00fcr hat man ja das Internet, dass man schnell mal googeln oder eine &#8230; <a title=\"K\u00fcrbis, Zwiebel, Za&#8217;atar\" class=\"read-more\" href=\"https:\/\/merle-buehrer.de\/gs\/2021\/10\/24\/kuerbis-zwiebel-zaatar\/\" aria-label=\"Mehr Informationen \u00fcber K\u00fcrbis, Zwiebel, Za&#8217;atar\">Weiterlesen<\/a><\/p>\n","protected":false},"author":1,"featured_media":3263,"comment_status":"open","ping_status":"open","sticky":false,"template":"","format":"standard","meta":{"footnotes":""},"categories":[1],"tags":[],"class_list":["post-3258","post","type-post","status-publish","format-standard","hentry","category-uncategorized"],"_links":{"self":[{"href":"https:\/\/merle-buehrer.de\/gs\/wp-json\/wp\/v2\/posts\/3258","targetHints":{"allow":["GET"]}}],"collection":[{"href":"https:\/\/merle-buehrer.de\/gs\/wp-json\/wp\/v2\/posts"}],"about":[{"href":"https:\/\/merle-buehrer.de\/gs\/wp-json\/wp\/v2\/types\/post"}],"author":[{"embeddable":true,"href":"https:\/\/merle-buehrer.de\/gs\/wp-json\/wp\/v2\/users\/1"}],"replies":[{"embeddable":true,"href":"https:\/\/merle-buehrer.de\/gs\/wp-json\/wp\/v2\/comments?post=3258"}],"version-history":[{"count":5,"href":"https:\/\/merle-buehrer.de\/gs\/wp-json\/wp\/v2\/posts\/3258\/revisions"}],"predecessor-version":[{"id":3265,"href":"https:\/\/merle-buehrer.de\/gs\/wp-json\/wp\/v2\/posts\/3258\/revisions\/3265"}],"wp:featuredmedia":[{"embeddable":true,"href":"https:\/\/merle-buehrer.de\/gs\/wp-json\/wp\/v2\/media\/3263"}],"wp:attachment":[{"href":"https:\/\/merle-buehrer.de\/gs\/wp-json\/wp\/v2\/media?parent=3258"}],"wp:term":[{"taxonomy":"category","embeddable":true,"href":"https:\/\/merle-buehrer.de\/gs\/wp-json\/wp\/v2\/categories?post=3258"},{"taxonomy":"post_tag","embeddable":true,"href":"https:\/\/merle-buehrer.de\/gs\/wp-json\/wp\/v2\/tags?post=3258"}],"curies":[{"name":"wp","href":"https:\/\/api.w.org\/{rel}","templated":true}]}}