{"id":3275,"date":"2021-10-26T20:51:09","date_gmt":"2021-10-26T18:51:09","guid":{"rendered":"https:\/\/merle-buehrer.de\/gs\/?p=3275"},"modified":"2021-10-26T20:51:10","modified_gmt":"2021-10-26T18:51:10","slug":"lachsforelle-karottenlaiberl-mangold","status":"publish","type":"post","link":"https:\/\/merle-buehrer.de\/gs\/2021\/10\/26\/lachsforelle-karottenlaiberl-mangold\/","title":{"rendered":"Lachsforelle, Karottenlaiberl, Mangold"},"content":{"rendered":"\n<p class=\"has-drop-cap\">Heute morgen habe ich gelesen, dass die Landfrauen zum Gr\u00fcnkohlessen einladen. Nein, ich bin nicht gemeint, weil ich ja kein Mitglied im Landfrauenbund bin. Warum eigentlich? D\u00fcrfte ich das? Egal, ich dachte n\u00e4mlich, dass der Gr\u00fcnkohl den ersten Frost abbekommen haben muss, damit er nicht bitter ist. Und es ist (mir) zwar (zu) kalt, aber Frost? Allerdings hat man heutzutage diese Bitterstoffe wahrscheinlich schon l\u00e4ngst weggez\u00fcchtet, und &#8211; wenn die Landfrauen ernten, dann kann ich das auch &#8211; wenn die es nicht wissen, wer dann? Da ich weniger Mangold ernten konnten als gedacht, k\u00e4me mir der Gr\u00fcnkohl grade recht. Weil ich als S\u00fcdlicht aber nicht allzu viele Gr\u00fcnkohlrezepte kenne und dringend zur Vermeidung von noch mehr Geschirr die Pfanne benutzen wollte, half mir Natali auf <a rel=\"noreferrer noopener\" href=\"https:\/\/kochenkunstundketchup.de\/gruenkohl-aus-der-pfanne-mit-gebackenem-ricotta-schneller-gesunder-genuss\/\" target=\"_blank\">KochenKunstUndKetchup <\/a>weiter. Und sie hat recht: Seit Gr\u00fcnkohl nicht mehr Gr\u00fcnkohl hei\u00dft, sondern Kale und obendrein als Superfood gilt, seither gibt es auch Rezepte.<\/p>\n\n\n\n<h2 class=\"wp-block-heading\">K\u00fcchentagebuch, Dienstag 26. Oktober 2021<\/h2>\n\n\n\n<ul class=\"wp-block-list\"><li>Lachsforellenfilets mit M\u00f6hrenpuffer (aus \u00d6sterreich, gabs <a href=\"https:\/\/merle-buehrer.de\/gs\/2021\/05\/18\/lachsforelle-karottenlaibchen-limetten-spinat\/\" data-type=\"post\" data-id=\"2062\" target=\"_blank\" rel=\"noreferrer noopener\">hieramts <\/a>schonmal)<\/li><li>Mangold mit Limette (anstatt Spinat &#8211; s.o.)<\/li><li>gebratener Gr\u00fcnkohl mit Knoblauch und Chili (weil der Mangold zu wenig war)<\/li><\/ul>\n\n\n\n<figure class=\"wp-block-image size-full is-resized\"><a href=\"https:\/\/merle-buehrer.de\/gs\/wp-content\/uploads\/2021\/10\/lachsforellekarottenlaiberl.jpg\"><img loading=\"lazy\" decoding=\"async\" src=\"https:\/\/merle-buehrer.de\/gs\/wp-content\/uploads\/2021\/10\/lachsforellekarottenlaiberl.jpg\" alt=\"\" class=\"wp-image-3276\" width=\"721\" height=\"961\" srcset=\"https:\/\/merle-buehrer.de\/gs\/wp-content\/uploads\/2021\/10\/lachsforellekarottenlaiberl.jpg 756w, https:\/\/merle-buehrer.de\/gs\/wp-content\/uploads\/2021\/10\/lachsforellekarottenlaiberl-225x300.jpg 225w\" sizes=\"auto, (max-width: 721px) 100vw, 721px\" \/><\/a><figcaption>Die Lachsforelle war ein bisschen gro\u00df, wir haben sie trotzdem fast weggeputzt<\/figcaption><\/figure>\n\n\n\n<p><\/p>\n","protected":false},"excerpt":{"rendered":"<p>Heute morgen habe ich gelesen, dass die Landfrauen zum Gr\u00fcnkohlessen einladen. Nein, ich bin nicht gemeint, weil ich ja kein Mitglied im Landfrauenbund bin. Warum eigentlich? D\u00fcrfte ich das? Egal, ich dachte n\u00e4mlich, dass der Gr\u00fcnkohl den ersten Frost abbekommen haben muss, damit er nicht bitter ist. Und es ist (mir) zwar (zu) kalt, aber &#8230; <a title=\"Lachsforelle, Karottenlaiberl, Mangold\" class=\"read-more\" href=\"https:\/\/merle-buehrer.de\/gs\/2021\/10\/26\/lachsforelle-karottenlaiberl-mangold\/\" aria-label=\"Mehr Informationen \u00fcber Lachsforelle, Karottenlaiberl, Mangold\">Weiterlesen<\/a><\/p>\n","protected":false},"author":1,"featured_media":3276,"comment_status":"open","ping_status":"open","sticky":false,"template":"","format":"standard","meta":{"footnotes":""},"categories":[1],"tags":[],"class_list":["post-3275","post","type-post","status-publish","format-standard","hentry","category-uncategorized"],"_links":{"self":[{"href":"https:\/\/merle-buehrer.de\/gs\/wp-json\/wp\/v2\/posts\/3275","targetHints":{"allow":["GET"]}}],"collection":[{"href":"https:\/\/merle-buehrer.de\/gs\/wp-json\/wp\/v2\/posts"}],"about":[{"href":"https:\/\/merle-buehrer.de\/gs\/wp-json\/wp\/v2\/types\/post"}],"author":[{"embeddable":true,"href":"https:\/\/merle-buehrer.de\/gs\/wp-json\/wp\/v2\/users\/1"}],"replies":[{"embeddable":true,"href":"https:\/\/merle-buehrer.de\/gs\/wp-json\/wp\/v2\/comments?post=3275"}],"version-history":[{"count":4,"href":"https:\/\/merle-buehrer.de\/gs\/wp-json\/wp\/v2\/posts\/3275\/revisions"}],"predecessor-version":[{"id":3280,"href":"https:\/\/merle-buehrer.de\/gs\/wp-json\/wp\/v2\/posts\/3275\/revisions\/3280"}],"wp:featuredmedia":[{"embeddable":true,"href":"https:\/\/merle-buehrer.de\/gs\/wp-json\/wp\/v2\/media\/3276"}],"wp:attachment":[{"href":"https:\/\/merle-buehrer.de\/gs\/wp-json\/wp\/v2\/media?parent=3275"}],"wp:term":[{"taxonomy":"category","embeddable":true,"href":"https:\/\/merle-buehrer.de\/gs\/wp-json\/wp\/v2\/categories?post=3275"},{"taxonomy":"post_tag","embeddable":true,"href":"https:\/\/merle-buehrer.de\/gs\/wp-json\/wp\/v2\/tags?post=3275"}],"curies":[{"name":"wp","href":"https:\/\/api.w.org\/{rel}","templated":true}]}}