{"id":3543,"date":"2021-12-08T20:36:56","date_gmt":"2021-12-08T19:36:56","guid":{"rendered":"https:\/\/merle-buehrer.de\/gs\/?p=3543"},"modified":"2021-12-08T20:36:58","modified_gmt":"2021-12-08T19:36:58","slug":"chicoree-speck-sahne","status":"publish","type":"post","link":"https:\/\/merle-buehrer.de\/gs\/2021\/12\/08\/chicoree-speck-sahne\/","title":{"rendered":"Chicor\u00e9e, Speck, Sahne"},"content":{"rendered":"\n<p class=\"has-drop-cap\">Man sollte eigentlich annehmen, Sprache sei dazu erfunden worden, sich verst\u00e4ndigen zu k\u00f6nnen. Das ist aber nat\u00fcrlich nicht so &#8211; vielleicht sogar eher im Gegenteil. Portugiesen und Spanier zum Beispiel grenzen sich (sprachlich) verbissen voneinander ab, wo sie doch nur eine d\u00fcnne Grenze trennt und ihre Sprachen das nun wirklich nicht hergeben &#8211; eigentlich m\u00fcssten beide sich pr\u00e4chtig verstehen, aber sie sch\u00fctteln nur bedauernd und Kopf: Andere Sprache, anderes Land, andere Menschen. Und sie pflegen ihre Knitteligkeiten: El escritorio &#8211; in Spanien ist der Schreibtisch, o escrit\u00f3rio &#8211; in Portugal &#8211; ist das B\u00fcro. Man kann sich h\u00f6llisch unbeliebt machen in Porto oder Lisboa, wenn man aus Versehen <em>gracias <\/em>sagt, statt <em>obrigado\/obrigada<\/em>. Und das Gel\u00e4chter ist gro\u00df, wenn man den Schreibtisch mit dem B\u00fcro verwechselt. Falsche Freunde gibt es \u00fcberall, aber Menschen, glaube ich, k\u00f6nnten sich verstehen, wenn sie wollten. Es scheint aber oft besser zu sein, wenn man sich nicht versteht. Wie Herr Biden und Herr Putin, zum Beispiel.<\/p>\n\n\n\n<h2 class=\"wp-block-heading\">K\u00fcchentagebuch, Mittwoch 8. Dezember 2021<\/h2>\n\n\n\n<ul class=\"wp-block-list\"><li>Gebratener Chicor\u00e9e mit Sahne und Speck (bei <a href=\"https:\/\/kuechenlatein.com\/gebratener-chicoree-mit-sahne-und-speck\/\" target=\"_blank\" rel=\"noreferrer noopener\">kuechenlatein.com<\/a>)<\/li><li>Kartoffelw\u00fcrfelchen (hier mit rohen Kartoffeln)<\/li><li>Apfel-Tiramisu (bei <a href=\"https:\/\/www.lecker.de\/apfel-tiramisu-15968.html?utm_source=piano&amp;utm_medium=email&amp;utm_campaign=LE%20-%20Tagesrezept&amp;utm_term=LE%20-%20Tagesrezept&amp;pnespid=qrt7CChBa7MLyOCcqmW2D4KSpQq_SZF1fbC3yPpy9kJmsmFAjYHylRNY4pH_okF6BSniaqY0\" target=\"_blank\" rel=\"noreferrer noopener\">lecker.de<\/a>)<\/li><\/ul>\n\n\n\n<figure class=\"wp-block-image size-full\"><a href=\"https:\/\/merle-buehrer.de\/gs\/wp-content\/uploads\/2021\/12\/chicoreekartoeffelchen.jpg\"><img loading=\"lazy\" decoding=\"async\" width=\"756\" height=\"1008\" src=\"https:\/\/merle-buehrer.de\/gs\/wp-content\/uploads\/2021\/12\/chicoreekartoeffelchen.jpg\" alt=\"\" class=\"wp-image-3547\" srcset=\"https:\/\/merle-buehrer.de\/gs\/wp-content\/uploads\/2021\/12\/chicoreekartoeffelchen.jpg 756w, https:\/\/merle-buehrer.de\/gs\/wp-content\/uploads\/2021\/12\/chicoreekartoeffelchen-225x300.jpg 225w\" sizes=\"auto, (max-width: 756px) 100vw, 756px\" \/><\/a><\/figure>\n\n\n\n<p><\/p>\n","protected":false},"excerpt":{"rendered":"<p>Man sollte eigentlich annehmen, Sprache sei dazu erfunden worden, sich verst\u00e4ndigen zu k\u00f6nnen. Das ist aber nat\u00fcrlich nicht so &#8211; vielleicht sogar eher im Gegenteil. Portugiesen und Spanier zum Beispiel grenzen sich (sprachlich) verbissen voneinander ab, wo sie doch nur eine d\u00fcnne Grenze trennt und ihre Sprachen das nun wirklich nicht hergeben &#8211; eigentlich m\u00fcssten &#8230; <a title=\"Chicor\u00e9e, Speck, Sahne\" class=\"read-more\" href=\"https:\/\/merle-buehrer.de\/gs\/2021\/12\/08\/chicoree-speck-sahne\/\" aria-label=\"Mehr Informationen \u00fcber Chicor\u00e9e, Speck, Sahne\">Weiterlesen<\/a><\/p>\n","protected":false},"author":1,"featured_media":3547,"comment_status":"open","ping_status":"open","sticky":false,"template":"","format":"standard","meta":{"footnotes":""},"categories":[1],"tags":[],"class_list":["post-3543","post","type-post","status-publish","format-standard","hentry","category-uncategorized"],"_links":{"self":[{"href":"https:\/\/merle-buehrer.de\/gs\/wp-json\/wp\/v2\/posts\/3543","targetHints":{"allow":["GET"]}}],"collection":[{"href":"https:\/\/merle-buehrer.de\/gs\/wp-json\/wp\/v2\/posts"}],"about":[{"href":"https:\/\/merle-buehrer.de\/gs\/wp-json\/wp\/v2\/types\/post"}],"author":[{"embeddable":true,"href":"https:\/\/merle-buehrer.de\/gs\/wp-json\/wp\/v2\/users\/1"}],"replies":[{"embeddable":true,"href":"https:\/\/merle-buehrer.de\/gs\/wp-json\/wp\/v2\/comments?post=3543"}],"version-history":[{"count":4,"href":"https:\/\/merle-buehrer.de\/gs\/wp-json\/wp\/v2\/posts\/3543\/revisions"}],"predecessor-version":[{"id":3548,"href":"https:\/\/merle-buehrer.de\/gs\/wp-json\/wp\/v2\/posts\/3543\/revisions\/3548"}],"wp:featuredmedia":[{"embeddable":true,"href":"https:\/\/merle-buehrer.de\/gs\/wp-json\/wp\/v2\/media\/3547"}],"wp:attachment":[{"href":"https:\/\/merle-buehrer.de\/gs\/wp-json\/wp\/v2\/media?parent=3543"}],"wp:term":[{"taxonomy":"category","embeddable":true,"href":"https:\/\/merle-buehrer.de\/gs\/wp-json\/wp\/v2\/categories?post=3543"},{"taxonomy":"post_tag","embeddable":true,"href":"https:\/\/merle-buehrer.de\/gs\/wp-json\/wp\/v2\/tags?post=3543"}],"curies":[{"name":"wp","href":"https:\/\/api.w.org\/{rel}","templated":true}]}}