{"id":3549,"date":"2021-12-09T20:44:07","date_gmt":"2021-12-09T19:44:07","guid":{"rendered":"https:\/\/merle-buehrer.de\/gs\/?p=3549"},"modified":"2021-12-09T20:44:10","modified_gmt":"2021-12-09T19:44:10","slug":"hack-kohlrabi-kartoffeln","status":"publish","type":"post","link":"https:\/\/merle-buehrer.de\/gs\/2021\/12\/09\/hack-kohlrabi-kartoffeln\/","title":{"rendered":"Hack, Kohlrabi, Kartoffeln"},"content":{"rendered":"\n<p class=\"has-drop-cap\">Was ist mir eigentlich Geschmack wert? Ich meine, im Vergleich zu, sagen wir, dem Aufwand. Wenn ich zum Beispiel ein &#8222;einfaches Brot&#8220; backe, dann werden Mehl, Wasser, Salz und Sauerteig oder Hefe in einer Teigwanne gemischt, haben 24 Stunden Zeit, sich zu einem Teig zu entwickeln, landen dann im Topf und der m Ofen (ich hab ja keinen Dampf mehr). Das Ergebnis: toll &#8211; kein B\u00e4cker weit und breit, der \u00e4hnliches zustande bringt. Wenn ich ein &#8222;richtiges&#8220; Brot backe, dann ist da ein Sch\u00fcsselchen mit Vorteig, ein Sch\u00fcsselchen mit Sauerteig, ein Sch\u00fcsselchen mit dem Br\u00fchst\u00fcck und all das kommt dann in die Teigsch\u00fcssel der Knetmaschine, von dort in den Topf und der in den Ofen (ich hab ja keinen Dampf mehr). Das Ergebnis: wow &#8211; davon k\u00f6nnt ich mich ern\u00e4hren. Wenn man jetzt Zutaten und Zeit mal wegl\u00e4sst (sind bei beiden Broten etwa gleich), dann bleiben die (am Ende des Tages leider schmutzigen) Sch\u00fcsselchen. Eins (Teigwanne) gegen vier plus Knethaken. Trotzdem frage ich mich, warum ich nicht immer &#8222;richtiges&#8220; Brot backe. Hmmh. Ich hab das jetzt so gel\u00f6st, dass ich als Mehl- und Sauerteig-Experte wirke und Frau T. die Sch\u00fcsselchen abw\u00e4scht. Aber trotzdem: Das &#8222;einfache&#8220; Brot ist eigentlich auch toll.<\/p>\n\n\n\n<h2 class=\"wp-block-heading\">K\u00fcchentagebuch, Donnerstag 9. Dezember 2021<\/h2>\n\n\n\n<ul class=\"wp-block-list\"><li>Hackb\u00e4llchen mit Ziegenk\u00e4se-F\u00fcllung (Tim M\u00e4lzer, bei <a rel=\"noreferrer noopener\" href=\"https:\/\/www.essen-und-trinken.de\/rezepte\/57468-rzpt-hackbaellchen-mit-ziegenkaesefuellung\" target=\"_blank\">e&amp;t<\/a>)<\/li><li>Kohlrabi in Orangen-Estragon-Sauce (bei <a rel=\"noreferrer noopener\" href=\"https:\/\/chili-und-ciabatta.de\/2008\/07\/kohlrabi-in-orangen-estragon-sauce-mit-kartoffelkloesschen\/\" target=\"_blank\">Petra<\/a>, \ud83c\udf36)<\/li><li>Kartoffelp\u00fcree <\/li><\/ul>\n\n\n\n<figure class=\"wp-block-image size-full\"><a href=\"https:\/\/merle-buehrer.de\/gs\/wp-content\/uploads\/2021\/12\/kohlrabipuereehackbaellchen.jpg\"><img loading=\"lazy\" decoding=\"async\" width=\"756\" height=\"1008\" src=\"https:\/\/merle-buehrer.de\/gs\/wp-content\/uploads\/2021\/12\/kohlrabipuereehackbaellchen.jpg\" alt=\"\" class=\"wp-image-3556\" srcset=\"https:\/\/merle-buehrer.de\/gs\/wp-content\/uploads\/2021\/12\/kohlrabipuereehackbaellchen.jpg 756w, https:\/\/merle-buehrer.de\/gs\/wp-content\/uploads\/2021\/12\/kohlrabipuereehackbaellchen-225x300.jpg 225w\" sizes=\"auto, (max-width: 756px) 100vw, 756px\" \/><\/a><figcaption>Vielleicht werde ich am Ende dieses K\u00fcchentagebuch-Jahres Fotos machen k\u00f6nnen?<\/figcaption><\/figure>\n\n\n\n<p><strong>Gebacken<\/strong>: &#8222;Feines Rundes&#8220; aus Lutz Geisslers &#8222;<a href=\"https:\/\/www.brotbackbuch.de\/kruste-und-krume\/buch\/\" target=\"_blank\" rel=\"noreferrer noopener\">Krume und Kruste<\/a>&#8222;, ein Weizenmischbrot<\/p>\n\n\n\n<figure class=\"wp-block-image size-full\"><a href=\"https:\/\/merle-buehrer.de\/gs\/wp-content\/uploads\/2021\/12\/feinesrundes.jpg\"><img loading=\"lazy\" decoding=\"async\" width=\"756\" height=\"1008\" src=\"https:\/\/merle-buehrer.de\/gs\/wp-content\/uploads\/2021\/12\/feinesrundes.jpg\" alt=\"\" class=\"wp-image-3553\" srcset=\"https:\/\/merle-buehrer.de\/gs\/wp-content\/uploads\/2021\/12\/feinesrundes.jpg 756w, https:\/\/merle-buehrer.de\/gs\/wp-content\/uploads\/2021\/12\/feinesrundes-225x300.jpg 225w\" sizes=\"auto, (max-width: 756px) 100vw, 756px\" \/><\/a><figcaption>4 Sch\u00fcsselchen, aber wow &#8211; und es soll &#8218;lang frischhaltend&#8216; sein<\/figcaption><\/figure>\n","protected":false},"excerpt":{"rendered":"<p>Was ist mir eigentlich Geschmack wert? Ich meine, im Vergleich zu, sagen wir, dem Aufwand. Wenn ich zum Beispiel ein &#8222;einfaches Brot&#8220; backe, dann werden Mehl, Wasser, Salz und Sauerteig oder Hefe in einer Teigwanne gemischt, haben 24 Stunden Zeit, sich zu einem Teig zu entwickeln, landen dann im Topf und der m Ofen (ich &#8230; <a title=\"Hack, Kohlrabi, Kartoffeln\" class=\"read-more\" href=\"https:\/\/merle-buehrer.de\/gs\/2021\/12\/09\/hack-kohlrabi-kartoffeln\/\" aria-label=\"Mehr Informationen \u00fcber Hack, Kohlrabi, Kartoffeln\">Weiterlesen<\/a><\/p>\n","protected":false},"author":1,"featured_media":3556,"comment_status":"open","ping_status":"open","sticky":false,"template":"","format":"standard","meta":{"footnotes":""},"categories":[1],"tags":[],"class_list":["post-3549","post","type-post","status-publish","format-standard","hentry","category-uncategorized"],"_links":{"self":[{"href":"https:\/\/merle-buehrer.de\/gs\/wp-json\/wp\/v2\/posts\/3549","targetHints":{"allow":["GET"]}}],"collection":[{"href":"https:\/\/merle-buehrer.de\/gs\/wp-json\/wp\/v2\/posts"}],"about":[{"href":"https:\/\/merle-buehrer.de\/gs\/wp-json\/wp\/v2\/types\/post"}],"author":[{"embeddable":true,"href":"https:\/\/merle-buehrer.de\/gs\/wp-json\/wp\/v2\/users\/1"}],"replies":[{"embeddable":true,"href":"https:\/\/merle-buehrer.de\/gs\/wp-json\/wp\/v2\/comments?post=3549"}],"version-history":[{"count":6,"href":"https:\/\/merle-buehrer.de\/gs\/wp-json\/wp\/v2\/posts\/3549\/revisions"}],"predecessor-version":[{"id":3557,"href":"https:\/\/merle-buehrer.de\/gs\/wp-json\/wp\/v2\/posts\/3549\/revisions\/3557"}],"wp:featuredmedia":[{"embeddable":true,"href":"https:\/\/merle-buehrer.de\/gs\/wp-json\/wp\/v2\/media\/3556"}],"wp:attachment":[{"href":"https:\/\/merle-buehrer.de\/gs\/wp-json\/wp\/v2\/media?parent=3549"}],"wp:term":[{"taxonomy":"category","embeddable":true,"href":"https:\/\/merle-buehrer.de\/gs\/wp-json\/wp\/v2\/categories?post=3549"},{"taxonomy":"post_tag","embeddable":true,"href":"https:\/\/merle-buehrer.de\/gs\/wp-json\/wp\/v2\/tags?post=3549"}],"curies":[{"name":"wp","href":"https:\/\/api.w.org\/{rel}","templated":true}]}}