{"id":3659,"date":"2021-12-24T20:45:12","date_gmt":"2021-12-24T19:45:12","guid":{"rendered":"https:\/\/merle-buehrer.de\/gs\/?p=3659"},"modified":"2021-12-24T20:45:14","modified_gmt":"2021-12-24T19:45:14","slug":"ragu-pasta-salat","status":"publish","type":"post","link":"https:\/\/merle-buehrer.de\/gs\/2021\/12\/24\/ragu-pasta-salat\/","title":{"rendered":"Rag\u00fa, Pasta, Salat"},"content":{"rendered":"\n<p class=\"has-drop-cap\">Beim &#8222;<a rel=\"noreferrer noopener\" href=\"https:\/\/de.wikipedia.org\/wiki\/Beim_H%C3%A4uten_der_Zwiebel\" target=\"_blank\">H\u00e4uten der Zwiebel<\/a>&#8220; kann man, wie sich gezeigt hat, schnell mal in Teufels K\u00fcche landen. Zumindest wenn man G\u00fcnter Grass hei\u00dft und in der Waffen-SS war und es irgendwie zu erw\u00e4hnen vergessen hatte. G\u00fcnter Grass hatte ja &#8211; nebenbei bemerkt &#8211; eine ausgepr\u00e4gte Schw\u00e4che f\u00fcr im weitesten Sinne kulinarische Themen. So ist mir im &#8222;Butt&#8220; ein Kapitel (&#8222;Den Kot beschauen&#8220;) in Erinnerung, in dem er behauptet, es sei in der Steinzeit noch \u00fcblich gewesen, allein zu essen und sich erst dann zum gemeinsamen Hordenschiss zu treffen und empfahl diese Vorgehensweise anstatt des heute \u00fcblichen gemeinsamen Mahls und der anschlie\u00dfenden Vereinzelung zum Zwecke der Verdauung. Man m\u00fcsste dann halt \u00f6ffentliche Latrinen bauen und &#8211; eventuell auch gegen Eintritt, weil Restaurants ja \u00fcberfl\u00fcssig w\u00fcrden &#8211; zur Verf\u00fcgung stellen. Aber zur\u00fcck zur Zwiebel. Im <a rel=\"noreferrer noopener\" href=\"https:\/\/www.perlentaucher.de\/buch\/guenter-grass\/beim-haeuten-der-zwiebel.html\" target=\"_blank\">Perlentaucher <\/a>bin ich auf eine Rezension dieses Buches in der SZ gesto\u00dfen. Der Kritiker damals hie\u00df Iljoma Mangold, was zu dem sch\u00f6nen Satz f\u00fchrte: \u00bb<em>Dennoch hat Mangold mit dem Zwiebel sch\u00e4lenden G\u00fcnter Grass ein H\u00fchnchen zu rupfen<\/em>.\u00ab Wieviel Kulinarik doch in der Literaturkritik steckt.<\/p>\n\n\n\n<h2 class=\"wp-block-heading\">K\u00fcchentagebuch, Freitag 24. Dezember 2021<\/h2>\n\n\n\n<ul class=\"wp-block-list\"><li>Das ultimative Rag\u00f9 aus dem Ofen (ein Ottolenghi-Versuch, ein veganes Ragu alla Bolognese zu entwickeln, die Zutatenliste ist dementsprechend lang, aber ultimativ klingt gut, in Flavour S. 101, etwas ver\u00e4ndert und abgespeckt bei <a rel=\"noreferrer noopener\" href=\"https:\/\/lalisagna.de\/vegetarische-bolognese-mit-champignons\/\" target=\"_blank\">lalisagna.de<\/a>)<\/li><li>Hartweizen-Fussili<\/li><li>Gr\u00fcner Salat<\/li><li>Pfirsich-Tiramisu<\/li><\/ul>\n\n\n\n<figure class=\"wp-block-image size-full\"><a href=\"https:\/\/merle-buehrer.de\/gs\/wp-content\/uploads\/2021\/12\/raguvegan.jpg\"><img loading=\"lazy\" decoding=\"async\" width=\"756\" height=\"1008\" src=\"https:\/\/merle-buehrer.de\/gs\/wp-content\/uploads\/2021\/12\/raguvegan.jpg\" alt=\"\" class=\"wp-image-3662\" srcset=\"https:\/\/merle-buehrer.de\/gs\/wp-content\/uploads\/2021\/12\/raguvegan.jpg 756w, https:\/\/merle-buehrer.de\/gs\/wp-content\/uploads\/2021\/12\/raguvegan-225x300.jpg 225w\" sizes=\"auto, (max-width: 756px) 100vw, 756px\" \/><\/a><figcaption>Der Veganer freut sich, dass man das auch einfrieren kann, ich w\u00fcrd&#8217;s mal mit Sp\u00e4tzle probieren <\/figcaption><\/figure>\n\n\n\n<p><\/p>\n","protected":false},"excerpt":{"rendered":"<p>Beim &#8222;H\u00e4uten der Zwiebel&#8220; kann man, wie sich gezeigt hat, schnell mal in Teufels K\u00fcche landen. Zumindest wenn man G\u00fcnter Grass hei\u00dft und in der Waffen-SS war und es irgendwie zu erw\u00e4hnen vergessen hatte. G\u00fcnter Grass hatte ja &#8211; nebenbei bemerkt &#8211; eine ausgepr\u00e4gte Schw\u00e4che f\u00fcr im weitesten Sinne kulinarische Themen. So ist mir im &#8230; <a title=\"Rag\u00fa, Pasta, Salat\" class=\"read-more\" href=\"https:\/\/merle-buehrer.de\/gs\/2021\/12\/24\/ragu-pasta-salat\/\" aria-label=\"Mehr Informationen \u00fcber Rag\u00fa, Pasta, Salat\">Weiterlesen<\/a><\/p>\n","protected":false},"author":1,"featured_media":3662,"comment_status":"open","ping_status":"open","sticky":false,"template":"","format":"standard","meta":{"footnotes":""},"categories":[1],"tags":[],"class_list":["post-3659","post","type-post","status-publish","format-standard","hentry","category-uncategorized"],"_links":{"self":[{"href":"https:\/\/merle-buehrer.de\/gs\/wp-json\/wp\/v2\/posts\/3659","targetHints":{"allow":["GET"]}}],"collection":[{"href":"https:\/\/merle-buehrer.de\/gs\/wp-json\/wp\/v2\/posts"}],"about":[{"href":"https:\/\/merle-buehrer.de\/gs\/wp-json\/wp\/v2\/types\/post"}],"author":[{"embeddable":true,"href":"https:\/\/merle-buehrer.de\/gs\/wp-json\/wp\/v2\/users\/1"}],"replies":[{"embeddable":true,"href":"https:\/\/merle-buehrer.de\/gs\/wp-json\/wp\/v2\/comments?post=3659"}],"version-history":[{"count":5,"href":"https:\/\/merle-buehrer.de\/gs\/wp-json\/wp\/v2\/posts\/3659\/revisions"}],"predecessor-version":[{"id":3665,"href":"https:\/\/merle-buehrer.de\/gs\/wp-json\/wp\/v2\/posts\/3659\/revisions\/3665"}],"wp:featuredmedia":[{"embeddable":true,"href":"https:\/\/merle-buehrer.de\/gs\/wp-json\/wp\/v2\/media\/3662"}],"wp:attachment":[{"href":"https:\/\/merle-buehrer.de\/gs\/wp-json\/wp\/v2\/media?parent=3659"}],"wp:term":[{"taxonomy":"category","embeddable":true,"href":"https:\/\/merle-buehrer.de\/gs\/wp-json\/wp\/v2\/categories?post=3659"},{"taxonomy":"post_tag","embeddable":true,"href":"https:\/\/merle-buehrer.de\/gs\/wp-json\/wp\/v2\/tags?post=3659"}],"curies":[{"name":"wp","href":"https:\/\/api.w.org\/{rel}","templated":true}]}}