{"id":3857,"date":"2022-01-22T20:55:50","date_gmt":"2022-01-22T19:55:50","guid":{"rendered":"https:\/\/merle-buehrer.de\/gs\/?p=3857"},"modified":"2022-01-22T20:55:53","modified_gmt":"2022-01-22T19:55:53","slug":"schweinebaeckchen-knoedel-bohnen","status":"publish","type":"post","link":"https:\/\/merle-buehrer.de\/gs\/2022\/01\/22\/schweinebaeckchen-knoedel-bohnen\/","title":{"rendered":"Schweineb\u00e4ckchen, Kn\u00f6del, Bohnen"},"content":{"rendered":"\n<p class=\"has-drop-cap\">Tut es einen Unterschied machen, ob man was macht oder tut? Tja, vielleicht nicht: Das kannst du machen, wie du willst, oder tun, wie du willst, egal. Oder vielleicht auch nicht. Ich wei\u00df nicht, ob es Sinn <em>macht<\/em>, aber ich bin mir ganz sicher, dass es keinen Sinn <em>tun <\/em>kann. Mein Kopf macht weh klingt ein wenig kindlich und gut machen und gut tun sind zwei v\u00f6llig verschieden Sachen. Es kann sein, dass es dir gut tut, wenn du etwas gut machst, aber vielleicht bist du ja auch nur ein Wichtigtuer, der sich wichtig macht. Der Tipp einer <a rel=\"noreferrer noopener\" href=\"https:\/\/www.germanskills.com\/machen-tun\" target=\"_blank\">Sprachschule<\/a>: am besten auswendig lernen, weil Regeln gibt es keine. Auf jeden Fall (laut Duden) verboten ist aber Tun als Hilfsverb mit (einem reinen) Infinitiv: Ich tu kochen, so sagt der Duden, sei mundartlich und <a rel=\"noreferrer noopener\" href=\"https:\/\/www.gutefrage.net\/frage\/machen-tut---tut-beim-aufsatz-als-fehler-gewertet\" target=\"_blank\">falsch<\/a>, es sei denn zur Verdeutlichung des Verbs: Direkt verstehen tu ich das nicht, ist zum Beispiel tolerabel. Und ein bisschen erlaubt ist es auch (vor allem im S\u00fcden) als Konjunktiv: Ich t\u00e4t jetzt schon gern essen. Und warum nur der Konjunktiv? Wie der <a rel=\"noreferrer noopener\" href=\"https:\/\/www.spiegel.de\/kultur\/zwiebelfisch\/zwiebelfisch-es-macht-immer-tuut-tuut-a-390485.html\" target=\"_blank\">Zwiebelfisch <\/a>feststellt: Wenn man das Hilfsverb tun beugen kann, dann braucht man sich um andere (eventuell unregelm\u00e4\u00dfige) Verben nicht mehr k\u00fcmmern. Hei\u00dft es Ich backte oder ich buk? Egal: Ich tat backen. Ich finde, das sollte erlaubt sein. Und im Rheinland ist ohnehin alles erlaubt: Tust du uns zwei K\u00f6lsch? <\/p>\n\n\n\n<h2 class=\"wp-block-heading\">K\u00fcchentagebuch, Samstag 22. Januar 2022<\/h2>\n\n\n\n<ul class=\"wp-block-list\"><li>Geschmorte Schweineb\u00e4ckchen in Rosmarin-Mandel-Butter (Christian J\u00fcrgens im <a rel=\"noreferrer noopener\" href=\"https:\/\/sz-magazin.sueddeutsche.de\/das-kochquartett\/geschmorte-schweinebaeckchen-in-rosmarin-mandel-butter-80945\" target=\"_blank\">SZ-Magazin<\/a>)<\/li><li>Semmelkn\u00f6del<\/li><li>Gr\u00fcne Bohnen mit Piment\u00f3n de la Vera (ich habe jetzt zwei Links auf dieses Rezept hier im Blog, die nicht mehr funktionieren, ich lass das jetzt)<\/li><\/ul>\n\n\n\n<figure class=\"wp-block-image size-full\"><a href=\"https:\/\/merle-buehrer.de\/gs\/wp-content\/uploads\/2022\/01\/schweinebaeckchen.jpg\"><img loading=\"lazy\" decoding=\"async\" width=\"756\" height=\"1008\" src=\"https:\/\/merle-buehrer.de\/gs\/wp-content\/uploads\/2022\/01\/schweinebaeckchen.jpg\" alt=\"\" class=\"wp-image-3862\" srcset=\"https:\/\/merle-buehrer.de\/gs\/wp-content\/uploads\/2022\/01\/schweinebaeckchen.jpg 756w, https:\/\/merle-buehrer.de\/gs\/wp-content\/uploads\/2022\/01\/schweinebaeckchen-225x300.jpg 225w\" sizes=\"auto, (max-width: 756px) 100vw, 756px\" \/><\/a><figcaption>Warum dieses Fleisch fast ausschlie\u00dflich in Wurst verarbeitet wird? Ich t\u00e4t&#8217;s nicht tun<\/figcaption><\/figure>\n","protected":false},"excerpt":{"rendered":"<p>Tut es einen Unterschied machen, ob man was macht oder tut? Tja, vielleicht nicht: Das kannst du machen, wie du willst, oder tun, wie du willst, egal. Oder vielleicht auch nicht. Ich wei\u00df nicht, ob es Sinn macht, aber ich bin mir ganz sicher, dass es keinen Sinn tun kann. Mein Kopf macht weh klingt &#8230; <a title=\"Schweineb\u00e4ckchen, Kn\u00f6del, Bohnen\" class=\"read-more\" href=\"https:\/\/merle-buehrer.de\/gs\/2022\/01\/22\/schweinebaeckchen-knoedel-bohnen\/\" aria-label=\"Mehr Informationen \u00fcber Schweineb\u00e4ckchen, Kn\u00f6del, Bohnen\">Weiterlesen<\/a><\/p>\n","protected":false},"author":1,"featured_media":3862,"comment_status":"open","ping_status":"open","sticky":false,"template":"","format":"standard","meta":{"footnotes":""},"categories":[1],"tags":[],"class_list":["post-3857","post","type-post","status-publish","format-standard","hentry","category-uncategorized"],"_links":{"self":[{"href":"https:\/\/merle-buehrer.de\/gs\/wp-json\/wp\/v2\/posts\/3857","targetHints":{"allow":["GET"]}}],"collection":[{"href":"https:\/\/merle-buehrer.de\/gs\/wp-json\/wp\/v2\/posts"}],"about":[{"href":"https:\/\/merle-buehrer.de\/gs\/wp-json\/wp\/v2\/types\/post"}],"author":[{"embeddable":true,"href":"https:\/\/merle-buehrer.de\/gs\/wp-json\/wp\/v2\/users\/1"}],"replies":[{"embeddable":true,"href":"https:\/\/merle-buehrer.de\/gs\/wp-json\/wp\/v2\/comments?post=3857"}],"version-history":[{"count":3,"href":"https:\/\/merle-buehrer.de\/gs\/wp-json\/wp\/v2\/posts\/3857\/revisions"}],"predecessor-version":[{"id":3864,"href":"https:\/\/merle-buehrer.de\/gs\/wp-json\/wp\/v2\/posts\/3857\/revisions\/3864"}],"wp:featuredmedia":[{"embeddable":true,"href":"https:\/\/merle-buehrer.de\/gs\/wp-json\/wp\/v2\/media\/3862"}],"wp:attachment":[{"href":"https:\/\/merle-buehrer.de\/gs\/wp-json\/wp\/v2\/media?parent=3857"}],"wp:term":[{"taxonomy":"category","embeddable":true,"href":"https:\/\/merle-buehrer.de\/gs\/wp-json\/wp\/v2\/categories?post=3857"},{"taxonomy":"post_tag","embeddable":true,"href":"https:\/\/merle-buehrer.de\/gs\/wp-json\/wp\/v2\/tags?post=3857"}],"curies":[{"name":"wp","href":"https:\/\/api.w.org\/{rel}","templated":true}]}}