{"id":3874,"date":"2022-01-25T20:27:28","date_gmt":"2022-01-25T19:27:28","guid":{"rendered":"https:\/\/merle-buehrer.de\/gs\/?p=3874"},"modified":"2022-01-25T20:27:30","modified_gmt":"2022-01-25T19:27:30","slug":"speck-rosenkohl-pasta","status":"publish","type":"post","link":"https:\/\/merle-buehrer.de\/gs\/2022\/01\/25\/speck-rosenkohl-pasta\/","title":{"rendered":"Speck, Rosenkohl, Pasta"},"content":{"rendered":"\n<p class=\"has-drop-cap\">Was ist eigentlich so vulg\u00e4r an Vulg\u00e4rlatein? Sind da all die b\u00f6sen W\u00f6rter entstanden, von denen ich hier nur die weniger drastischen erw\u00e4hnen kann. Etwa &#8222;Warum r\u00fclpset und furzet ihr nicht? Hat es euch denn nicht geschmacket?&#8220; (was <a rel=\"noreferrer noopener\" href=\"https:\/\/geschichte24.eu\/warum-furzet-ruelpset-ihr-nicht-erklaerung-der-redewendung-tz34\/\" target=\"_blank\">nebenbei bemerkt<\/a> wahrscheinlich niemand jemals gesagt hat, zumindest weder Martin Luther noch Johann Wolfgang von, denen es gern untergeschoben wird). Wenn es so w\u00e4re, dann k\u00f6nnte man da ja weiterforschen. Vielleicht w\u00fcrden da weitere schlimme W\u00f6rter auftauchen, von denen wir noch gar nicht wissen, dass sie schlimm sind, die aber vielleicht geeignet w\u00e4ren, die aktuelle Situation hinreichender zu beschreiben als Mist-, Dreck- und Sch\u22ef. Aber leider. Leider ist das Vulg\u00e4rlatein gar nicht vulg\u00e4r. Der Name leitet sich ab vom italienischen &#8222;latino volgare&#8220; (<a rel=\"noreferrer noopener\" href=\"https:\/\/www.christianlehmann.eu\/ling\/sprachen\/indogermania\/RomGesch\/gemeinrom.php\" target=\"_blank\">Volkslatein<\/a>), das entstanden ist, als die Sprache, in der die Pfaffen ihre L\u00fcgen verbreiteten und die, in der das Volk geredet hat, sich immer weiter auseinander entwickelten. Schade, ich k\u00f6nnte ein paar neue, drastische Drecksw\u00f6rter im Moment ganz gut gebrauchen. Sonst hei\u00dft es halt weiter recht einfallslos: Drecks-Wetter, Drecks-Corona, Drecks-K\u00f6ter. Wobei die Reihenfolge keine irgendwie geartete Wertung enth\u00e4lt.<\/p>\n\n\n\n<h2 class=\"wp-block-heading\">K\u00fcchentagebuch, Dienstag 25. Januar 2022<\/h2>\n\n\n\n<ul class=\"wp-block-list\"><li>Pasta mit Rosenkohl und Speck (<a rel=\"noreferrer noopener\" href=\"https:\/\/ellerepublic.de\/pasta-mit-rosenkohl-und-speck\/\" target=\"_blank\">elle republic<\/a>) &#8211; und viel Knoblauch, Rosmarin, Chili und Zitrone. Daf\u00fcr k\u00f6nnte ich ein paar &#8222;sch\u00f6ne&#8220; W\u00f6rter gebrauchen<\/li><li>Buttermilch-Mousse mit Blutorangen (bei <a rel=\"noreferrer noopener\" href=\"http:\/\/www.foolforfood.de\/index.php\/nachtisch\/rezept-buttermilchmousse\" target=\"_blank\">Fool for Food<\/a>) <\/li><\/ul>\n\n\n\n<figure class=\"wp-block-image size-full\"><a href=\"https:\/\/merle-buehrer.de\/gs\/wp-content\/uploads\/2022\/01\/rosenkohlpasta.jpg\"><img loading=\"lazy\" decoding=\"async\" width=\"756\" height=\"1008\" src=\"https:\/\/merle-buehrer.de\/gs\/wp-content\/uploads\/2022\/01\/rosenkohlpasta.jpg\" alt=\"\" class=\"wp-image-3877\" srcset=\"https:\/\/merle-buehrer.de\/gs\/wp-content\/uploads\/2022\/01\/rosenkohlpasta.jpg 756w, https:\/\/merle-buehrer.de\/gs\/wp-content\/uploads\/2022\/01\/rosenkohlpasta-225x300.jpg 225w\" sizes=\"auto, (max-width: 756px) 100vw, 756px\" \/><\/a><\/figure>\n","protected":false},"excerpt":{"rendered":"<p>Was ist eigentlich so vulg\u00e4r an Vulg\u00e4rlatein? Sind da all die b\u00f6sen W\u00f6rter entstanden, von denen ich hier nur die weniger drastischen erw\u00e4hnen kann. Etwa &#8222;Warum r\u00fclpset und furzet ihr nicht? Hat es euch denn nicht geschmacket?&#8220; (was nebenbei bemerkt wahrscheinlich niemand jemals gesagt hat, zumindest weder Martin Luther noch Johann Wolfgang von, denen es &#8230; <a title=\"Speck, Rosenkohl, Pasta\" class=\"read-more\" href=\"https:\/\/merle-buehrer.de\/gs\/2022\/01\/25\/speck-rosenkohl-pasta\/\" aria-label=\"Mehr Informationen \u00fcber Speck, Rosenkohl, Pasta\">Weiterlesen<\/a><\/p>\n","protected":false},"author":1,"featured_media":3877,"comment_status":"open","ping_status":"open","sticky":false,"template":"","format":"standard","meta":{"footnotes":""},"categories":[1],"tags":[],"class_list":["post-3874","post","type-post","status-publish","format-standard","hentry","category-uncategorized"],"_links":{"self":[{"href":"https:\/\/merle-buehrer.de\/gs\/wp-json\/wp\/v2\/posts\/3874","targetHints":{"allow":["GET"]}}],"collection":[{"href":"https:\/\/merle-buehrer.de\/gs\/wp-json\/wp\/v2\/posts"}],"about":[{"href":"https:\/\/merle-buehrer.de\/gs\/wp-json\/wp\/v2\/types\/post"}],"author":[{"embeddable":true,"href":"https:\/\/merle-buehrer.de\/gs\/wp-json\/wp\/v2\/users\/1"}],"replies":[{"embeddable":true,"href":"https:\/\/merle-buehrer.de\/gs\/wp-json\/wp\/v2\/comments?post=3874"}],"version-history":[{"count":5,"href":"https:\/\/merle-buehrer.de\/gs\/wp-json\/wp\/v2\/posts\/3874\/revisions"}],"predecessor-version":[{"id":4256,"href":"https:\/\/merle-buehrer.de\/gs\/wp-json\/wp\/v2\/posts\/3874\/revisions\/4256"}],"wp:featuredmedia":[{"embeddable":true,"href":"https:\/\/merle-buehrer.de\/gs\/wp-json\/wp\/v2\/media\/3877"}],"wp:attachment":[{"href":"https:\/\/merle-buehrer.de\/gs\/wp-json\/wp\/v2\/media?parent=3874"}],"wp:term":[{"taxonomy":"category","embeddable":true,"href":"https:\/\/merle-buehrer.de\/gs\/wp-json\/wp\/v2\/categories?post=3874"},{"taxonomy":"post_tag","embeddable":true,"href":"https:\/\/merle-buehrer.de\/gs\/wp-json\/wp\/v2\/tags?post=3874"}],"curies":[{"name":"wp","href":"https:\/\/api.w.org\/{rel}","templated":true}]}}