{"id":3886,"date":"2022-01-28T20:47:38","date_gmt":"2022-01-28T19:47:38","guid":{"rendered":"https:\/\/merle-buehrer.de\/gs\/?p=3886"},"modified":"2022-01-28T20:47:40","modified_gmt":"2022-01-28T19:47:40","slug":"schnitzel-kartoffel-salat","status":"publish","type":"post","link":"https:\/\/merle-buehrer.de\/gs\/2022\/01\/28\/schnitzel-kartoffel-salat\/","title":{"rendered":"Schnitzel, Kartoffel, Salat"},"content":{"rendered":"\n<p class=\"has-drop-cap\">Einer der \u00e4rgsten (und lustigsten) Kritiker der deutschen Sprache war ja Mark Twain. Aber der hat sich wenigstens bem\u00fcht, dazu beizutragen, die Sprache zu verbessern. Dazu wollte er dem Dativ abschaffen (weil man ohnehin nie wisse, in welchem Fall man sich gerade befindet) und er wollte auch &#8222;das Zeitwort so weit nach vorne r\u00fccken, bis man es ohne Fernrohr sehen kann&#8220;. Ich habe das immer als Marotte abgetan, als weinerliches Geheule von Menschen, die auf unsere Vielzahl von Kasus neidisch sind, und die die innere Sch\u00f6nheit unserer Nebens\u00e4tze einfach nicht zu sch\u00e4tzen wissen. Doch seit mich die romanischen Sprachen versaut haben, ist es nun soweit, dass Duolingo mich jetzt f\u00fcr mein <strong>Deutsch <\/strong>korrigieren muss! Den spanischen Satz &#8222;<em>La entrada es libre para ni\u00f1os menores de tres a\u00f1os<\/em>&#8220; habe ich \u00fcbersetzt als &#8222;Der Eintritt i<strong>st frei <\/strong>f\u00fcr Kinder unter drei Jahren&#8220;. Es muss aber richtig hei\u00dfen: &#8222;Der Eintritt <strong>ist<\/strong> f\u00fcr Kinder unter drei Jahren <strong>frei<\/strong>&#8222;. Wenn man diesen kurzen Satz betritt, hat man (ohne Fernrohr) noch keine Ahnung um was es gehen wird, und wenn man ihn wieder verl\u00e4sst, hat man l\u00e4ngst vergessen, dass es urspr\u00fcnglich mal um den Eintritt ging, oder um Kinder? Und dabei hat diesen Satz ja irgendein wohlmeinender Tutor gek\u00fcrzt, denn eigentlich geht er ja so: &#8222;Der Eintritt <strong>ist <\/strong>f\u00fcr Kinder unter drei Jahren, die sich in Begleitung erziehungsberechtigter Erwachsener, die sich mit amtlich beglaubigten Schreiben, die bei Eltern oder elterliche Befugnisse aus\u00fcbenden Personen nicht \u00e4lter als 5 und bei Gro\u00dfeltern &#8211; sofern diese in Deutschland ans\u00e4ssig sind &#8211; oder deren Eltern oder Gro\u00dfeltern nicht \u00e4lter als 2 Wochen sein d\u00fcrfen, ausweisen k\u00f6nnen, befinden, <strong>frei<\/strong>.&#8220; Mich hat Herr Twain jetzt auch \u00fcberzeugt, wir m\u00fcssen da was \u00e4ndern.<\/p>\n\n\n\n<h2 class=\"wp-block-heading\" id=\"kuchentagebuch-freitag-28-januar-2022\">K\u00fcchentagebuch, Freitag 28. Januar 2022<\/h2>\n\n\n\n<ul class=\"wp-block-list\"><li>Schnitzel  &#8222;Wiener Art&#8220; aus Schweinefilet<\/li><li>Feldsalat mit allem, was im K\u00fchlschrank liegt (morgen ist Markt!)<\/li><li>Bamberger H\u00f6rnchen wie immer (weil besser geht nicht)<\/li><\/ul>\n\n\n\n<figure class=\"wp-block-image size-full\"><a href=\"https:\/\/merle-buehrer.de\/gs\/wp-content\/uploads\/2022\/01\/schweinkartoffelsalat.jpg\"><img loading=\"lazy\" decoding=\"async\" width=\"756\" height=\"1008\" src=\"https:\/\/merle-buehrer.de\/gs\/wp-content\/uploads\/2022\/01\/schweinkartoffelsalat.jpg\" alt=\"\" class=\"wp-image-3900\" srcset=\"https:\/\/merle-buehrer.de\/gs\/wp-content\/uploads\/2022\/01\/schweinkartoffelsalat.jpg 756w, https:\/\/merle-buehrer.de\/gs\/wp-content\/uploads\/2022\/01\/schweinkartoffelsalat-225x300.jpg 225w\" sizes=\"auto, (max-width: 756px) 100vw, 756px\" \/><\/a><figcaption>Ein Verlegenheits-Essen, aber wenn die Zutaten stimmen &#8230;<\/figcaption><\/figure>\n\n\n\n<p><strong>Gebacken<\/strong>: &#8222;Toastbrot&#8220; (nach einem menschenunw\u00fcrdigen Versuch aus dem Supermarkt versuche ich es jetzt mal selbst)<\/p>\n\n\n\n<figure class=\"wp-block-image size-full\"><a href=\"https:\/\/merle-buehrer.de\/gs\/wp-content\/uploads\/2022\/01\/toastbrot.jpg\"><img loading=\"lazy\" decoding=\"async\" width=\"756\" height=\"1008\" src=\"https:\/\/merle-buehrer.de\/gs\/wp-content\/uploads\/2022\/01\/toastbrot.jpg\" alt=\"\" class=\"wp-image-3902\" srcset=\"https:\/\/merle-buehrer.de\/gs\/wp-content\/uploads\/2022\/01\/toastbrot.jpg 756w, https:\/\/merle-buehrer.de\/gs\/wp-content\/uploads\/2022\/01\/toastbrot-225x300.jpg 225w\" sizes=\"auto, (max-width: 756px) 100vw, 756px\" \/><\/a><\/figure>\n\n\n\n<p><\/p>\n\n\n\n<p><\/p>\n","protected":false},"excerpt":{"rendered":"<p>Einer der \u00e4rgsten (und lustigsten) Kritiker der deutschen Sprache war ja Mark Twain. Aber der hat sich wenigstens bem\u00fcht, dazu beizutragen, die Sprache zu verbessern. Dazu wollte er dem Dativ abschaffen (weil man ohnehin nie wisse, in welchem Fall man sich gerade befindet) und er wollte auch &#8222;das Zeitwort so weit nach vorne r\u00fccken, bis &#8230; <a title=\"Schnitzel, Kartoffel, Salat\" class=\"read-more\" href=\"https:\/\/merle-buehrer.de\/gs\/2022\/01\/28\/schnitzel-kartoffel-salat\/\" aria-label=\"Mehr Informationen \u00fcber Schnitzel, Kartoffel, Salat\">Weiterlesen<\/a><\/p>\n","protected":false},"author":1,"featured_media":3900,"comment_status":"open","ping_status":"open","sticky":false,"template":"","format":"standard","meta":{"footnotes":""},"categories":[1],"tags":[],"class_list":["post-3886","post","type-post","status-publish","format-standard","hentry","category-uncategorized"],"_links":{"self":[{"href":"https:\/\/merle-buehrer.de\/gs\/wp-json\/wp\/v2\/posts\/3886","targetHints":{"allow":["GET"]}}],"collection":[{"href":"https:\/\/merle-buehrer.de\/gs\/wp-json\/wp\/v2\/posts"}],"about":[{"href":"https:\/\/merle-buehrer.de\/gs\/wp-json\/wp\/v2\/types\/post"}],"author":[{"embeddable":true,"href":"https:\/\/merle-buehrer.de\/gs\/wp-json\/wp\/v2\/users\/1"}],"replies":[{"embeddable":true,"href":"https:\/\/merle-buehrer.de\/gs\/wp-json\/wp\/v2\/comments?post=3886"}],"version-history":[{"count":5,"href":"https:\/\/merle-buehrer.de\/gs\/wp-json\/wp\/v2\/posts\/3886\/revisions"}],"predecessor-version":[{"id":3903,"href":"https:\/\/merle-buehrer.de\/gs\/wp-json\/wp\/v2\/posts\/3886\/revisions\/3903"}],"wp:featuredmedia":[{"embeddable":true,"href":"https:\/\/merle-buehrer.de\/gs\/wp-json\/wp\/v2\/media\/3900"}],"wp:attachment":[{"href":"https:\/\/merle-buehrer.de\/gs\/wp-json\/wp\/v2\/media?parent=3886"}],"wp:term":[{"taxonomy":"category","embeddable":true,"href":"https:\/\/merle-buehrer.de\/gs\/wp-json\/wp\/v2\/categories?post=3886"},{"taxonomy":"post_tag","embeddable":true,"href":"https:\/\/merle-buehrer.de\/gs\/wp-json\/wp\/v2\/tags?post=3886"}],"curies":[{"name":"wp","href":"https:\/\/api.w.org\/{rel}","templated":true}]}}