{"id":4197,"date":"2022-06-12T20:49:33","date_gmt":"2022-06-12T18:49:33","guid":{"rendered":"https:\/\/merle-buehrer.de\/gs\/?p=4197"},"modified":"2022-06-12T20:49:35","modified_gmt":"2022-06-12T18:49:35","slug":"kw-23-22","status":"publish","type":"post","link":"https:\/\/merle-buehrer.de\/gs\/2022\/06\/12\/kw-23-22\/","title":{"rendered":"KW 23-22"},"content":{"rendered":"\n<p class=\"has-drop-cap\"><strong>Montag<\/strong>, Fingsten zweiter Veierdag, ging nat\u00fcrlich nicht genau so \u00fcppig weiter. Aber wenn ich so \u00fcberlege: Mittags Wei\u00dfw\u00fcrste mit frischen Brezen, s\u00fc\u00dfem Senf von H\u00e4ndlmaier (keine Werbung, aber vielleicht ein Tipp; andere sagen sogar, ein anderer ginge gar nicht) und einem Wei\u00dfbier. Und abends ein Kopfsalat mit Thunfisch, gekochten Eiern, anderem Zeugs und frischem Wei\u00dfbrot &#8211; soo frugal war das ja auch nicht. Allerdings: Frugal. Was hei\u00dft das denn? Es klingt wie &#8222;reichlich, \u00fcppig&#8220;, meint aber &#8222;<a rel=\"noreferrer noopener\" href=\"https:\/\/de.wiktionary.org\/wiki\/frugal\" target=\"_blank\">karg, sp\u00e4rlich<\/a>&#8222;. Das f\u00fchrt oft zu Missverst\u00e4ndnissen &#8211; aber wenn <strong>ich <\/strong>das Wort benutze, dann <strong>nat\u00fcrlich <\/strong>im urspr\u00fcnglichen Sinn. Auf jeden Fall sollte man sich als Gast nach dem Essen besser nicht mit &#8222;das war aber mal ein frugales Mahl&#8220; bedanken; man wei\u00df nie, ob der Gastgeber diese Art von Ironie versteht. <strong>Dienstag <\/strong>dann ein Kartoffelsalat mit Linsen und gr\u00fcnen Bohnen (bei <a rel=\"noreferrer noopener\" href=\"https:\/\/ellerepublic.de\/kartoffelsalat-mit-linsen\/\" target=\"_blank\">ellerepublic<\/a>, hieramts im Herbst <a rel=\"noreferrer noopener\" href=\"https:\/\/merle-buehrer.de\/gs\/2021\/09\/18\/kartoffeln-linsen-gruene-bohnen\/\" data-type=\"post\" data-id=\"3025\" target=\"_blank\">schon gelobt<\/a>) mit gebratenen Salsicchie von unserem Metzger, der hervorragende Bratw\u00fcrste und eine himmlische Fenchelsalami macht &#8211; dann wird er ja wohl auch eine Salsiccia hinkriegen! Kriegt er.<\/p>\n\n\n\n<figure class=\"wp-block-gallery has-nested-images columns-default is-cropped wp-block-gallery-1 is-layout-flex wp-block-gallery-is-layout-flex\">\n<figure class=\"wp-block-image size-large\"><a href=\"https:\/\/merle-buehrer.de\/gs\/wp-content\/uploads\/2022\/06\/weissbrot.jpg\"><img loading=\"lazy\" decoding=\"async\" width=\"756\" height=\"1008\" data-id=\"4199\" src=\"https:\/\/merle-buehrer.de\/gs\/wp-content\/uploads\/2022\/06\/weissbrot.jpg\" alt=\"\" class=\"wp-image-4199\" srcset=\"https:\/\/merle-buehrer.de\/gs\/wp-content\/uploads\/2022\/06\/weissbrot.jpg 756w, https:\/\/merle-buehrer.de\/gs\/wp-content\/uploads\/2022\/06\/weissbrot-225x300.jpg 225w\" sizes=\"auto, (max-width: 756px) 100vw, 756px\" \/><\/a><figcaption>Wei\u00dfbrot<\/figcaption><\/figure>\n\n\n\n<figure class=\"wp-block-image size-large\"><a href=\"https:\/\/merle-buehrer.de\/gs\/wp-content\/uploads\/2022\/06\/salat.jpg\"><img loading=\"lazy\" decoding=\"async\" width=\"756\" height=\"1008\" data-id=\"4200\" src=\"https:\/\/merle-buehrer.de\/gs\/wp-content\/uploads\/2022\/06\/salat.jpg\" alt=\"\" class=\"wp-image-4200\" srcset=\"https:\/\/merle-buehrer.de\/gs\/wp-content\/uploads\/2022\/06\/salat.jpg 756w, https:\/\/merle-buehrer.de\/gs\/wp-content\/uploads\/2022\/06\/salat-225x300.jpg 225w\" sizes=\"auto, (max-width: 756px) 100vw, 756px\" \/><\/a><figcaption>Thunfischsalat<\/figcaption><\/figure>\n\n\n\n<figure class=\"wp-block-image size-large\"><a href=\"https:\/\/merle-buehrer.de\/gs\/wp-content\/uploads\/2022\/06\/kartoffelsalatsalsiccia.jpg\"><img loading=\"lazy\" decoding=\"async\" width=\"756\" height=\"1008\" data-id=\"4203\" src=\"https:\/\/merle-buehrer.de\/gs\/wp-content\/uploads\/2022\/06\/kartoffelsalatsalsiccia.jpg\" alt=\"\" class=\"wp-image-4203\" srcset=\"https:\/\/merle-buehrer.de\/gs\/wp-content\/uploads\/2022\/06\/kartoffelsalatsalsiccia.jpg 756w, https:\/\/merle-buehrer.de\/gs\/wp-content\/uploads\/2022\/06\/kartoffelsalatsalsiccia-225x300.jpg 225w\" sizes=\"auto, (max-width: 756px) 100vw, 756px\" \/><\/a><figcaption>Linsenkartoffeln mit Salsiccie<\/figcaption><\/figure>\n<\/figure>\n\n\n\n<p><strong>Mittwoch <\/strong>Bulgur-Salat mit Pilzen und Miso-Dressing; urspr\u00fcnglich bei <a rel=\"noreferrer noopener\" href=\"https:\/\/ellerepublic.de\/gruenkernsalat-mit-pilzen\/\" target=\"_blank\">ellerepublic mit Gr\u00fcnkern<\/a>. Eigentlich das ideale Rezept um die Gr\u00fcnkernpackung im Schrank und die Miso-Paste im K\u00fchlschrank aufzubrauchen, aber die Paste war schon entsorgt und der Gr\u00fcnkern war im August 2020 abgelaufen. Schade. <strong>Donnerstag <\/strong>Chicken Teriyaki, erstens weil ich Teriyaki gerne mag und zweitens weil mir der saubl\u00f6de Refrain von <a rel=\"noreferrer noopener\" href=\"https:\/\/www.youtube.com\/watch?v=OG4gq9fCoRE\" target=\"_blank\">Rosalita <\/a>(Youtube) nicht mehr aus dem Kopf ging:  \u00bb<em>Pa&#8216; ti naki, chicken teriyaki. Tu gata quiere maki, mi gata en Kawasaki<\/em>\u00ab. Via <a rel=\"noreferrer noopener\" href=\"https:\/\/elcomidista.elpais.com\/elcomidista\/2022\/03\/07\/receta\/1646666652_652261.html\" target=\"_blank\">elComidista<\/a>, der auch behauptet, es g\u00e4be bei diesem Refrain einen Sinn. Ich kann mir das aber nicht vorstellen und bin dem Link gar nicht erst gefolgt &#8211; wenn etwas erfolgreich ist, muss es nicht notwendigerweise gut sein.<\/p>\n\n\n\n<figure class=\"wp-block-gallery has-nested-images columns-default is-cropped wp-block-gallery-2 is-layout-flex wp-block-gallery-is-layout-flex\">\n<figure class=\"wp-block-image size-large\"><a href=\"https:\/\/merle-buehrer.de\/gs\/wp-content\/uploads\/2022\/06\/bulgurpilze.jpg\"><img loading=\"lazy\" decoding=\"async\" width=\"756\" height=\"1008\" data-id=\"4207\" src=\"https:\/\/merle-buehrer.de\/gs\/wp-content\/uploads\/2022\/06\/bulgurpilze.jpg\" alt=\"\" class=\"wp-image-4207\" srcset=\"https:\/\/merle-buehrer.de\/gs\/wp-content\/uploads\/2022\/06\/bulgurpilze.jpg 756w, https:\/\/merle-buehrer.de\/gs\/wp-content\/uploads\/2022\/06\/bulgurpilze-225x300.jpg 225w\" sizes=\"auto, (max-width: 756px) 100vw, 756px\" \/><\/a><figcaption>Bulgursalat mit Pilzen<\/figcaption><\/figure>\n\n\n\n<figure class=\"wp-block-image size-large\"><a href=\"https:\/\/merle-buehrer.de\/gs\/wp-content\/uploads\/2022\/06\/chickenteriyaki.jpg\"><img loading=\"lazy\" decoding=\"async\" width=\"756\" height=\"1008\" data-id=\"4208\" src=\"https:\/\/merle-buehrer.de\/gs\/wp-content\/uploads\/2022\/06\/chickenteriyaki.jpg\" alt=\"\" class=\"wp-image-4208\" srcset=\"https:\/\/merle-buehrer.de\/gs\/wp-content\/uploads\/2022\/06\/chickenteriyaki.jpg 756w, https:\/\/merle-buehrer.de\/gs\/wp-content\/uploads\/2022\/06\/chickenteriyaki-225x300.jpg 225w\" sizes=\"auto, (max-width: 756px) 100vw, 756px\" \/><\/a><figcaption>Chicken Teriyaki<\/figcaption><\/figure>\n<\/figure>\n\n\n\n<p><strong>Freitag <\/strong>Pasta mit Rindfleisch-Sugo und Salat. Die offizielle Erkl\u00e4rung ist, dass sonst vielleicht ein \u00bc Kopfsalat auf dem Kompost gelandet w\u00e4re. Das w\u00e4re ein guter Grund und sicher l\u00f6blich. Inoffiziell aber m\u00fcsste man tiefer graben und stie\u00dfe dann auf eine unerkl\u00e4rliche Unlust des K\u00fcchenbeauftragten, \u00fcber Essen im Allgemeinen und dessen Zubereitung im Besonderen auch nur nachzudenken. Unter anderem deshalb (und weil das letzte Ma[h]l schon lange her ist und Eier aufgebraucht werden mussten) gab es am <strong>Samstag <\/strong>Pfannkuchen mit Lauchgem\u00fcse. Am <strong>Sonntag <\/strong>waren alle Zutaten f\u00fcr ein <a rel=\"noreferrer noopener\" href=\"https:\/\/germanabendbrot.de\/2021\/08\/06\/friday-night-dinner-date-stir-fry-aus-dem-wok\/\" target=\"_blank\">Stir fry aus dem Wok<\/a> (germanabendbrot) im Haus. Fast dasselbe Rezept gibt es auch unter dem Namen <a rel=\"noreferrer noopener\" href=\"https:\/\/www.greedygourmet.com\/recipes-by-course\/main-course\/crispy-chilli-beef\/\" target=\"_blank\">Crispy Chilli Beef <\/a>(bei greedygourmet) und auf \u00bbCrispy\u00ab fahr ich ja total ab.<\/p>\n\n\n\n<figure class=\"wp-block-gallery has-nested-images columns-default is-cropped wp-block-gallery-3 is-layout-flex wp-block-gallery-is-layout-flex\">\n<figure class=\"wp-block-image size-large\"><a href=\"https:\/\/merle-buehrer.de\/gs\/wp-content\/uploads\/2022\/06\/salat-1.jpg\"><img loading=\"lazy\" decoding=\"async\" width=\"756\" height=\"1008\" data-id=\"4211\" src=\"https:\/\/merle-buehrer.de\/gs\/wp-content\/uploads\/2022\/06\/salat-1.jpg\" alt=\"\" class=\"wp-image-4211\" srcset=\"https:\/\/merle-buehrer.de\/gs\/wp-content\/uploads\/2022\/06\/salat-1.jpg 756w, https:\/\/merle-buehrer.de\/gs\/wp-content\/uploads\/2022\/06\/salat-1-225x300.jpg 225w\" sizes=\"auto, (max-width: 756px) 100vw, 756px\" \/><\/a><figcaption>Sugo (TK)<\/figcaption><\/figure>\n\n\n\n<figure class=\"wp-block-image size-large\"><a href=\"https:\/\/merle-buehrer.de\/gs\/wp-content\/uploads\/2022\/06\/pfannkuchenlauchgemuese.jpg\"><img loading=\"lazy\" decoding=\"async\" width=\"756\" height=\"1008\" data-id=\"4215\" src=\"https:\/\/merle-buehrer.de\/gs\/wp-content\/uploads\/2022\/06\/pfannkuchenlauchgemuese.jpg\" alt=\"\" class=\"wp-image-4215\" srcset=\"https:\/\/merle-buehrer.de\/gs\/wp-content\/uploads\/2022\/06\/pfannkuchenlauchgemuese.jpg 756w, https:\/\/merle-buehrer.de\/gs\/wp-content\/uploads\/2022\/06\/pfannkuchenlauchgemuese-225x300.jpg 225w\" sizes=\"auto, (max-width: 756px) 100vw, 756px\" \/><\/a><figcaption>Pfannkuchen<\/figcaption><\/figure>\n\n\n\n<figure class=\"wp-block-image size-large\"><a href=\"https:\/\/merle-buehrer.de\/gs\/wp-content\/uploads\/2022\/06\/stirfry.jpg\"><img loading=\"lazy\" decoding=\"async\" width=\"756\" height=\"1008\" data-id=\"4213\" src=\"https:\/\/merle-buehrer.de\/gs\/wp-content\/uploads\/2022\/06\/stirfry.jpg\" alt=\"\" class=\"wp-image-4213\" srcset=\"https:\/\/merle-buehrer.de\/gs\/wp-content\/uploads\/2022\/06\/stirfry.jpg 756w, https:\/\/merle-buehrer.de\/gs\/wp-content\/uploads\/2022\/06\/stirfry-225x300.jpg 225w\" sizes=\"auto, (max-width: 756px) 100vw, 756px\" \/><\/a><figcaption>Stir Fry aus dem Wok<\/figcaption><\/figure>\n<\/figure>\n\n\n\n<p><\/p>\n\n\n\n<p><\/p>\n\n\n\n<p><\/p>\n","protected":false},"excerpt":{"rendered":"<p>Montag, Fingsten zweiter Veierdag, ging nat\u00fcrlich nicht genau so \u00fcppig weiter. Aber wenn ich so \u00fcberlege: Mittags Wei\u00dfw\u00fcrste mit frischen Brezen, s\u00fc\u00dfem Senf von H\u00e4ndlmaier (keine Werbung, aber vielleicht ein Tipp; andere sagen sogar, ein anderer ginge gar nicht) und einem Wei\u00dfbier. Und abends ein Kopfsalat mit Thunfisch, gekochten Eiern, anderem Zeugs und frischem Wei\u00dfbrot &#8230; <a title=\"KW 23-22\" class=\"read-more\" href=\"https:\/\/merle-buehrer.de\/gs\/2022\/06\/12\/kw-23-22\/\" aria-label=\"Mehr Informationen \u00fcber KW 23-22\">Weiterlesen<\/a><\/p>\n","protected":false},"author":1,"featured_media":0,"comment_status":"open","ping_status":"open","sticky":false,"template":"","format":"standard","meta":{"footnotes":""},"categories":[1],"tags":[],"class_list":["post-4197","post","type-post","status-publish","format-standard","hentry","category-uncategorized"],"_links":{"self":[{"href":"https:\/\/merle-buehrer.de\/gs\/wp-json\/wp\/v2\/posts\/4197","targetHints":{"allow":["GET"]}}],"collection":[{"href":"https:\/\/merle-buehrer.de\/gs\/wp-json\/wp\/v2\/posts"}],"about":[{"href":"https:\/\/merle-buehrer.de\/gs\/wp-json\/wp\/v2\/types\/post"}],"author":[{"embeddable":true,"href":"https:\/\/merle-buehrer.de\/gs\/wp-json\/wp\/v2\/users\/1"}],"replies":[{"embeddable":true,"href":"https:\/\/merle-buehrer.de\/gs\/wp-json\/wp\/v2\/comments?post=4197"}],"version-history":[{"count":12,"href":"https:\/\/merle-buehrer.de\/gs\/wp-json\/wp\/v2\/posts\/4197\/revisions"}],"predecessor-version":[{"id":4567,"href":"https:\/\/merle-buehrer.de\/gs\/wp-json\/wp\/v2\/posts\/4197\/revisions\/4567"}],"wp:attachment":[{"href":"https:\/\/merle-buehrer.de\/gs\/wp-json\/wp\/v2\/media?parent=4197"}],"wp:term":[{"taxonomy":"category","embeddable":true,"href":"https:\/\/merle-buehrer.de\/gs\/wp-json\/wp\/v2\/categories?post=4197"},{"taxonomy":"post_tag","embeddable":true,"href":"https:\/\/merle-buehrer.de\/gs\/wp-json\/wp\/v2\/tags?post=4197"}],"curies":[{"name":"wp","href":"https:\/\/api.w.org\/{rel}","templated":true}]}}