{"id":4307,"date":"2022-07-17T20:32:32","date_gmt":"2022-07-17T18:32:32","guid":{"rendered":"https:\/\/merle-buehrer.de\/gs\/?p=4307"},"modified":"2022-07-17T20:32:35","modified_gmt":"2022-07-17T18:32:35","slug":"kw-28-22","status":"publish","type":"post","link":"https:\/\/merle-buehrer.de\/gs\/2022\/07\/17\/kw-28-22\/","title":{"rendered":"KW 28-22"},"content":{"rendered":"\n<p class=\"has-drop-cap\">Das 9-Euro-Ticket ist noch nicht verbraucht.. Die Wettervorhersage vorhersagt hohe Temperaturen (im S\u00fcden) und zum Beispiel angenehme 20\u00b0  in Kiel. Fahr ich halt nach Kiel. Gut, Kiel ist nicht gerade ums Eck, aber ich glaube nicht, dass es Geld zur\u00fcck gibt, wenn das Ticket am Ende des Monats noch wie neu ist, und einen Markt &#8211; <strong>den <\/strong>Markt auf dem Exerzierplatz &#8211; gibt es da auch. Also los! Die Hinfahrt &#8211; um 6:21 &#8211; ging eigentlich auch ganz gut. Bis auf <em>7:33 Radbruch.<\/em> Nein, mir ist nichts passiert! <a rel=\"noreferrer noopener\" href=\"https:\/\/www.radbruch.de\/\" target=\"_blank\">Radbruch <\/a>ist ein fahrplanm\u00e4\u00dfiger Halt zwischen L\u00fcneburg und Hamburg. \u00c4rgerlicher war da schon <em>8:22 Zug f\u00e4llt aus &#8211; Notarzt-Einsatz auf der Strecke.<\/em> Die Bahn gibt sich wirklich alle M\u00fche, aber alle Z\u00fcge? Das w\u00e4r schon ziemlich viel verlangt &#8211; in einer Stunde f\u00e4hrt doch schon der n\u00e4chste, stellt euch halt nicht so an. Auf der R\u00fcckfahrt werden wir euch mal zeigen, was Versp\u00e4tungen sind, und ausgefallene Z\u00fcge und verpasste Anschl\u00fcsse. Sagt schon mal zuhause Bescheid, dass ihr sp\u00e4ter oder gar nicht kommt! Und bis dahin genie\u00dft die Fahrt und meckert nicht! Okay, \u00fcber die R\u00fcckfahrt will ich den Mantel des Schweigens ausbreiten, nur noch kurz anmerken, dass das Wetter \u22ef Nein, ich werde nie mehr \u00fcber das Wetter reden oder schreiben, nachdem ich (im Zug) gelesen habe, wie Franz Werfel das macht: \u00bb<em>Der Himmel war \u00fcberall zugewachsen und zeigte keine schamlos nackten Stellen mehr. Die Wolken eilten nicht l\u00e4nger dampfwei\u00df und scharf ger\u00e4ndert, sondern lasteten unbeweglich tief und hatten die Farbe schmutziger M\u00f6bel\u00fcberz\u00fcge. Eine Windstille wie aus dickem Flanell herrschte ringsum. \u22ef Jedes Ger\u00e4usch war aufgetrieben und undeutlich, als erz\u00e4hle die Welt die Geschichte dieses Tages mit vollem Munde<\/em>.\u00ab<\/p>\n\n\n\n<p>Am <strong>Montag <\/strong>gab es aus terminlichen Gr\u00fcnden nichts zu essen, das hei\u00dft jeder nimmt sich, was er kriegen kann. Ich zum Beispiel ein halbes H\u00fchnerbein und ein K\u00e4sebrot. Und eines sage ich euch: Wenn das Brot gut ist und der K\u00e4se gut, spricht nichts dagegen, dass auch das K\u00e4sebrot gut wird! Das Zanderfilet, das mir die freundliche Fischfachverk\u00e4uferin am <strong>Dienstag <\/strong>ans Herz legte, brauchte ich nur noch zu w\u00fcrzen, die Haut einzuschneiden und leicht zu bemehlen. Nach drei Minuten scharfem Anbraten auf der Hautseite, war der Fisch so weit, dass er umgedreht in der ausgeschalteten Pfanne zu Ende garen konnte und dann mit den restlichen Saubohnen, dem ersten Garten-Zucchini und Kartoffeln serviert wurde. Am <strong>Mittwoch <\/strong>fuhr ich schnell nach Kiel um auf dem Markt Blumenkohl zu kaufen, damit es abends den Blumenkohlsalat mi Falafel aus dem <a rel=\"noreferrer noopener\" href=\"https:\/\/www.lecker.de\/blumenkohlsalat-mit-falafel-60934.html\" target=\"_blank\">Lecker-Newsletter<\/a> geben konnte. Nur ein kleiner Tipp: wenn man rohe Kichererbsen \u00fcber Nacht einweicht, braucht man weder Ei noch Semmelbr\u00f6sel, damit die Freundchen zusammenkleben.<\/p>\n\n\n\n<figure class=\"wp-block-gallery has-nested-images columns-default is-cropped wp-block-gallery-1 is-layout-flex wp-block-gallery-is-layout-flex\">\n<figure class=\"wp-block-image size-large\"><a href=\"https:\/\/merle-buehrer.de\/gs\/wp-content\/uploads\/2022\/07\/zander.jpg\"><img loading=\"lazy\" decoding=\"async\" width=\"756\" height=\"1008\" data-id=\"4304\" src=\"https:\/\/merle-buehrer.de\/gs\/wp-content\/uploads\/2022\/07\/zander.jpg\" alt=\"\" class=\"wp-image-4304\" srcset=\"https:\/\/merle-buehrer.de\/gs\/wp-content\/uploads\/2022\/07\/zander.jpg 756w, https:\/\/merle-buehrer.de\/gs\/wp-content\/uploads\/2022\/07\/zander-225x300.jpg 225w\" sizes=\"auto, (max-width: 756px) 100vw, 756px\" \/><\/a><figcaption>Zanderfilet<\/figcaption><\/figure>\n\n\n\n<figure class=\"wp-block-image size-large\"><a href=\"https:\/\/merle-buehrer.de\/gs\/wp-content\/uploads\/2022\/07\/blumenkohlsalat.jpg\"><img loading=\"lazy\" decoding=\"async\" width=\"756\" height=\"1008\" data-id=\"4306\" src=\"https:\/\/merle-buehrer.de\/gs\/wp-content\/uploads\/2022\/07\/blumenkohlsalat.jpg\" alt=\"\" class=\"wp-image-4306\" srcset=\"https:\/\/merle-buehrer.de\/gs\/wp-content\/uploads\/2022\/07\/blumenkohlsalat.jpg 756w, https:\/\/merle-buehrer.de\/gs\/wp-content\/uploads\/2022\/07\/blumenkohlsalat-225x300.jpg 225w\" sizes=\"auto, (max-width: 756px) 100vw, 756px\" \/><\/a><figcaption>Blumenkohlsalat<\/figcaption><\/figure>\n<\/figure>\n\n\n\n<p>Am <strong>Donnerstag <\/strong>R\u00fchrei auf ger\u00f6stetem Bauernbrot mit <a href=\"https:\/\/deutsche-delikatessen.de\/kieler-sprotten-von-der-kueste\/\">Kieler Sprotten<\/a>. Am <strong>Freitag <\/strong>ein Brezensalat mit Fenchel, Tomaten und Reherl (<a rel=\"noreferrer noopener\" href=\"https:\/\/sz-magazin.sueddeutsche.de\/probier-doch-mal\/rezept-brezensalat-mit-pfifferlingen-vegetarisch-83845\" target=\"_blank\">SZ Magazin<\/a>). Der Behauptung des Autors, dass eine bayrische Breze halt mehr Aroma h\u00e4tte als ein toskanisches Wei\u00dfbrot, kann ich nur zustimmen. Wie das nat\u00fcrlich bei gekauften Brezen ist, kann ich nicht (mehr) beurteilen.<\/p>\n\n\n\n<figure class=\"wp-block-gallery has-nested-images columns-default is-cropped wp-block-gallery-2 is-layout-flex wp-block-gallery-is-layout-flex\">\n<figure class=\"wp-block-image size-large\"><a href=\"https:\/\/merle-buehrer.de\/gs\/wp-content\/uploads\/2022\/07\/kielerdprotten.jpg\"><img loading=\"lazy\" decoding=\"async\" width=\"756\" height=\"1008\" data-id=\"4311\" src=\"https:\/\/merle-buehrer.de\/gs\/wp-content\/uploads\/2022\/07\/kielerdprotten.jpg\" alt=\"\" class=\"wp-image-4311\" srcset=\"https:\/\/merle-buehrer.de\/gs\/wp-content\/uploads\/2022\/07\/kielerdprotten.jpg 756w, https:\/\/merle-buehrer.de\/gs\/wp-content\/uploads\/2022\/07\/kielerdprotten-225x300.jpg 225w\" sizes=\"auto, (max-width: 756px) 100vw, 756px\" \/><\/a><figcaption>Kieler Sprotten<\/figcaption><\/figure>\n\n\n\n<figure class=\"wp-block-image size-large\"><a href=\"https:\/\/merle-buehrer.de\/gs\/wp-content\/uploads\/2022\/07\/brezensalat.jpg\"><img loading=\"lazy\" decoding=\"async\" width=\"756\" height=\"1008\" data-id=\"4313\" src=\"https:\/\/merle-buehrer.de\/gs\/wp-content\/uploads\/2022\/07\/brezensalat.jpg\" alt=\"\" class=\"wp-image-4313\" srcset=\"https:\/\/merle-buehrer.de\/gs\/wp-content\/uploads\/2022\/07\/brezensalat.jpg 756w, https:\/\/merle-buehrer.de\/gs\/wp-content\/uploads\/2022\/07\/brezensalat-225x300.jpg 225w\" sizes=\"auto, (max-width: 756px) 100vw, 756px\" \/><\/a><figcaption>Brezen-Salat<\/figcaption><\/figure>\n<\/figure>\n\n\n\n<p>Am <strong>Samstag <\/strong>panierte Schnitzelchen aus Schweinefilet und Bohnen mit Piment\u00f3n (im Netz nur noch auf <a rel=\"noreferrer noopener\" href=\"https:\/\/www.finecooking.com\/recipe\/green-beans-with-smoked-paprika-and-almonds\" target=\"_blank\">Englisch<\/a>), Fenchel mit Pinienkernen und Tomaten (<a href=\"https:\/\/lamiacucina.blog\/2011\/08\/24\/fenchel-mit-pinienkernen-und-getrockneten-tomaten\/\">lamiacucina<\/a>) und neuen Kartoffeln. <strong>Sonntag <\/strong>mussten M\u00f6hren aufgebraucht und Mangold m\u00f6glichst geerntet werden, also Mangold-M\u00f6hren-Puffer (<a rel=\"noreferrer noopener\" href=\"https:\/\/www.lecker.de\/mangold-moehren-roesti-mit-frischkaese-tomaten-dip-21432.html\" target=\"_blank\">lecker.de<\/a>)<\/p>\n\n\n\n<figure class=\"wp-block-gallery has-nested-images columns-default is-cropped wp-block-gallery-3 is-layout-flex wp-block-gallery-is-layout-flex\">\n<figure class=\"wp-block-image size-large\"><a href=\"https:\/\/merle-buehrer.de\/gs\/wp-content\/uploads\/2022\/07\/schnitzelchen.jpg\"><img loading=\"lazy\" decoding=\"async\" width=\"756\" height=\"1008\" data-id=\"4320\" src=\"https:\/\/merle-buehrer.de\/gs\/wp-content\/uploads\/2022\/07\/schnitzelchen.jpg\" alt=\"\" class=\"wp-image-4320\" srcset=\"https:\/\/merle-buehrer.de\/gs\/wp-content\/uploads\/2022\/07\/schnitzelchen.jpg 756w, https:\/\/merle-buehrer.de\/gs\/wp-content\/uploads\/2022\/07\/schnitzelchen-225x300.jpg 225w\" sizes=\"auto, (max-width: 756px) 100vw, 756px\" \/><\/a><figcaption>Schnitzelchen<\/figcaption><\/figure>\n\n\n\n<figure class=\"wp-block-image size-large\"><a href=\"https:\/\/merle-buehrer.de\/gs\/wp-content\/uploads\/2022\/07\/mangoldroesti.jpg\"><img loading=\"lazy\" decoding=\"async\" width=\"756\" height=\"1008\" data-id=\"4318\" src=\"https:\/\/merle-buehrer.de\/gs\/wp-content\/uploads\/2022\/07\/mangoldroesti.jpg\" alt=\"\" class=\"wp-image-4318\" srcset=\"https:\/\/merle-buehrer.de\/gs\/wp-content\/uploads\/2022\/07\/mangoldroesti.jpg 756w, https:\/\/merle-buehrer.de\/gs\/wp-content\/uploads\/2022\/07\/mangoldroesti-225x300.jpg 225w\" sizes=\"auto, (max-width: 756px) 100vw, 756px\" \/><\/a><figcaption>M\u00f6hren-Mangold<\/figcaption><\/figure>\n<\/figure>\n\n\n\n<p><\/p>\n\n\n\n<p><\/p>\n\n\n\n<p><\/p>\n\n\n\n<p><\/p>\n\n\n\n<p><\/p>\n\n\n\n<p><\/p>\n\n\n\n<p><\/p>\n\n\n\n<p><\/p>\n\n\n\n<p><\/p>\n\n\n\n<p><\/p>\n\n\n\n<p><\/p>\n\n\n\n<p><\/p>\n\n\n\n<p><\/p>\n","protected":false},"excerpt":{"rendered":"<p>Das 9-Euro-Ticket ist noch nicht verbraucht.. Die Wettervorhersage vorhersagt hohe Temperaturen (im S\u00fcden) und zum Beispiel angenehme 20\u00b0 in Kiel. Fahr ich halt nach Kiel. Gut, Kiel ist nicht gerade ums Eck, aber ich glaube nicht, dass es Geld zur\u00fcck gibt, wenn das Ticket am Ende des Monats noch wie neu ist, und einen Markt &#8230; <a title=\"KW 28-22\" class=\"read-more\" href=\"https:\/\/merle-buehrer.de\/gs\/2022\/07\/17\/kw-28-22\/\" aria-label=\"Mehr Informationen \u00fcber KW 28-22\">Weiterlesen<\/a><\/p>\n","protected":false},"author":1,"featured_media":0,"comment_status":"open","ping_status":"open","sticky":false,"template":"","format":"standard","meta":{"footnotes":""},"categories":[1],"tags":[],"class_list":["post-4307","post","type-post","status-publish","format-standard","hentry","category-uncategorized"],"_links":{"self":[{"href":"https:\/\/merle-buehrer.de\/gs\/wp-json\/wp\/v2\/posts\/4307","targetHints":{"allow":["GET"]}}],"collection":[{"href":"https:\/\/merle-buehrer.de\/gs\/wp-json\/wp\/v2\/posts"}],"about":[{"href":"https:\/\/merle-buehrer.de\/gs\/wp-json\/wp\/v2\/types\/post"}],"author":[{"embeddable":true,"href":"https:\/\/merle-buehrer.de\/gs\/wp-json\/wp\/v2\/users\/1"}],"replies":[{"embeddable":true,"href":"https:\/\/merle-buehrer.de\/gs\/wp-json\/wp\/v2\/comments?post=4307"}],"version-history":[{"count":9,"href":"https:\/\/merle-buehrer.de\/gs\/wp-json\/wp\/v2\/posts\/4307\/revisions"}],"predecessor-version":[{"id":4322,"href":"https:\/\/merle-buehrer.de\/gs\/wp-json\/wp\/v2\/posts\/4307\/revisions\/4322"}],"wp:attachment":[{"href":"https:\/\/merle-buehrer.de\/gs\/wp-json\/wp\/v2\/media?parent=4307"}],"wp:term":[{"taxonomy":"category","embeddable":true,"href":"https:\/\/merle-buehrer.de\/gs\/wp-json\/wp\/v2\/categories?post=4307"},{"taxonomy":"post_tag","embeddable":true,"href":"https:\/\/merle-buehrer.de\/gs\/wp-json\/wp\/v2\/tags?post=4307"}],"curies":[{"name":"wp","href":"https:\/\/api.w.org\/{rel}","templated":true}]}}