{"id":4316,"date":"2022-07-24T20:29:27","date_gmt":"2022-07-24T18:29:27","guid":{"rendered":"https:\/\/merle-buehrer.de\/gs\/?p=4316"},"modified":"2022-07-24T20:29:30","modified_gmt":"2022-07-24T18:29:30","slug":"kw-29-22","status":"publish","type":"post","link":"https:\/\/merle-buehrer.de\/gs\/2022\/07\/24\/kw-29-22\/","title":{"rendered":"KW 29-22"},"content":{"rendered":"\n<p class=\"has-drop-cap\">Wenn man sozusagen als Expat in einem fremden Land lebt &#8211; wie ich zum Beispiel als Schwabe in Niedersachsen &#8211; und die Landessprache nicht ausreichend beherrscht, dann kommt es unabdingbar hie und da zu Missverst\u00e4ndnissen. Zu Beginn war das zum Beispiel die Semmel, die ich aus Bayern als Fr\u00fchst\u00fccksbr\u00f6tchen mitgebracht hatte, und die sich hier als riesiger Hefeteig-Rosinen-Laib herausstellte. Vielleicht war das der eigentliche Grund, dass ich zu backen angefangen habe &#8211; mir geht das Wort &#8222;Br\u00f6tchen&#8220; immer noch nur sehr schwer \u00fcber die Lippen.  Und jetzt im Moment versteht mein Metzger den Unterschied zwischen die Veschba und das Veschber nicht. Dabei w\u00e4re es doch ganz einfach. Die <a rel=\"noreferrer noopener\" href=\"https:\/\/www.vespa.com\/de_DE\/\" target=\"_blank\">Vespa <\/a>war das Traumgef\u00e4hrt meiner Jugend und das <a rel=\"noreferrer noopener\" href=\"https:\/\/www.schwaebisch-schwaetza.de\/schwaebisches_vesper.php\" target=\"_blank\">Vesper<\/a> wird immer mehr zum (genauso wenig erreichbaren) Traum-Gericht meiner reiferen Jahre. Gerade jetzt, bei den immer h\u00e4ufiger werdenden etwas w\u00e4rmeren Temperaturen, w\u00e4re so ein schw\u00e4bischer Vesperteller doch ideal. Aber, wie gesagt, mein Metzger versteht nicht, was ich meine. Koi Presssack im Angebot, koi Baurabrodwurschd, koi Bachstoik\u00e4s, koi gar nix. Was solle blo\u00df mache? Sei Ochsamaulsal\u00e4dle isch scho au gud, aber des langt halt hinne un vorne net f\u00fcr a Veschber-Brettle.<\/p>\n\n\n\n<p>Am <strong>Montag <\/strong>reichte die Koch(un)lust gerade noch f\u00fcr <a rel=\"noreferrer noopener\" href=\"https:\/\/merle-buehrer.de\/gs\/2021\/04\/23\/krebsfleisch-pasta-salat\/\" data-type=\"post\" data-id=\"1859\" target=\"_blank\">Spaghettini mit Krebsfleisch<\/a>. Morgens schon hatte ich den <em>Salat aus glasierten Karotten<\/em> gemacht, von dem <a rel=\"noreferrer noopener\" href=\"https:\/\/magentratzerl.de\/2022\/07\/04\/salat-aus-glasierten-karotten\/\" target=\"_blank\">magentratzerl.de<\/a> sagt, er hielte sich ein paar Tage im K\u00fchlschrank. Leider habe ich der Familie gesagt, wo er steht &#8211; da war er auch schon wieder weg.<\/p>\n\n\n\n<figure class=\"wp-block-gallery has-nested-images columns-default is-cropped wp-block-gallery-1 is-layout-flex wp-block-gallery-is-layout-flex\">\n<figure class=\"wp-block-image size-large\"><a href=\"https:\/\/merle-buehrer.de\/gs\/wp-content\/uploads\/2022\/07\/krebspasta.jpg\"><img loading=\"lazy\" decoding=\"async\" width=\"756\" height=\"1008\" data-id=\"4327\" src=\"https:\/\/merle-buehrer.de\/gs\/wp-content\/uploads\/2022\/07\/krebspasta.jpg\" alt=\"\" class=\"wp-image-4327\" srcset=\"https:\/\/merle-buehrer.de\/gs\/wp-content\/uploads\/2022\/07\/krebspasta.jpg 756w, https:\/\/merle-buehrer.de\/gs\/wp-content\/uploads\/2022\/07\/krebspasta-225x300.jpg 225w\" sizes=\"auto, (max-width: 756px) 100vw, 756px\" \/><\/a><figcaption>Krebsfleisch-Pasta<\/figcaption><\/figure>\n\n\n\n<figure class=\"wp-block-image size-large\"><a href=\"https:\/\/merle-buehrer.de\/gs\/wp-content\/uploads\/2022\/07\/karottensalatjpg.jpg\"><img loading=\"lazy\" decoding=\"async\" width=\"756\" height=\"1008\" data-id=\"4326\" src=\"https:\/\/merle-buehrer.de\/gs\/wp-content\/uploads\/2022\/07\/karottensalatjpg.jpg\" alt=\"\" class=\"wp-image-4326\" srcset=\"https:\/\/merle-buehrer.de\/gs\/wp-content\/uploads\/2022\/07\/karottensalatjpg.jpg 756w, https:\/\/merle-buehrer.de\/gs\/wp-content\/uploads\/2022\/07\/karottensalatjpg-225x300.jpg 225w\" sizes=\"auto, (max-width: 756px) 100vw, 756px\" \/><\/a><figcaption>Karotten-Salat <\/figcaption><\/figure>\n<\/figure>\n\n\n\n<p>Der <strong>Dienstag <\/strong>war schon ganz sch\u00f6n warm, aber mit einem Schweizer Wurstsalat, frisch gebackenem Brot und einem Wei\u00dfbier schon noch auszuhalten. Das Wort Salat scheint es mir im Moment angetan zu haben, denn am <strong>Mittwoch <\/strong>gab es einen <em>Spanischen-Thunfisch-Kartoffel-Salat<\/em> aus  einem kleinen B\u00fcchlein mit dem Titel <em>Tapas<\/em>, das ich wohl vor vielen Jahren f\u00fcr 3,99\u20ac erstanden und seither ignoriert haben muss. Und nein &#8211; es ist kein <em>ensaladilla rusa,<\/em> also ohne Mayonnaise. Das Rezept gibt es wortw\u00f6rtlich bei <a rel=\"noreferrer noopener\" href=\"https:\/\/www.kochbar.de\/rezept\/211400\/Kartoffelsalat-mit-Thunfisch-und-Ei.html\" target=\"_blank\">kochbar.de<\/a>. Und weil trotz Hitze morgens eine Zucchini geerntet werden wollte, gabs zus\u00e4tzlich noch <em>In Oliven\u00f6l gebraten Zucchini <\/em>(wie bei <a rel=\"noreferrer noopener\" href=\"https:\/\/www.ichkoche.at\/in-olivenoel-gebratene-zucchini-rezept-9715\" target=\"_blank\">ichkoche.at<\/a>). Und es war am Mittwoch tats\u00e4chlich noch w\u00e4rmer als am Dienstag &#8211; hab ich schon erw\u00e4hnt, dass ich gegen den Klimawandel bin? &#8211; weshalb wir uns entschlossen, zun\u00e4chst mal einen Salat aus Wassermelone, Feta und Pinienkernen zu essen (Rezept und Bild gibt&#8217;s bei <a rel=\"noreferrer noopener\" href=\"https:\/\/www.ziiikocht.at\/2013\/07\/wassermelone-und-feta-oder-was-ich.html\" target=\"_blank\">ziikocht.at)<\/a><\/p>\n\n\n\n<figure class=\"wp-block-gallery has-nested-images columns-default is-cropped wp-block-gallery-2 is-layout-flex wp-block-gallery-is-layout-flex\">\n<figure class=\"wp-block-image size-large\"><a href=\"https:\/\/merle-buehrer.de\/gs\/wp-content\/uploads\/2022\/07\/wurstsalat.jpg\"><img loading=\"lazy\" decoding=\"async\" width=\"756\" height=\"1008\" data-id=\"4331\" src=\"https:\/\/merle-buehrer.de\/gs\/wp-content\/uploads\/2022\/07\/wurstsalat.jpg\" alt=\"\" class=\"wp-image-4331\" srcset=\"https:\/\/merle-buehrer.de\/gs\/wp-content\/uploads\/2022\/07\/wurstsalat.jpg 756w, https:\/\/merle-buehrer.de\/gs\/wp-content\/uploads\/2022\/07\/wurstsalat-225x300.jpg 225w\" sizes=\"auto, (max-width: 756px) 100vw, 756px\" \/><\/a><figcaption>Badischer Wurstsalat<\/figcaption><\/figure>\n\n\n\n<figure class=\"wp-block-image size-large\"><a href=\"https:\/\/merle-buehrer.de\/gs\/wp-content\/uploads\/2022\/07\/kartoffelsalat.jpg\"><img loading=\"lazy\" decoding=\"async\" width=\"756\" height=\"1008\" data-id=\"4333\" src=\"https:\/\/merle-buehrer.de\/gs\/wp-content\/uploads\/2022\/07\/kartoffelsalat.jpg\" alt=\"\" class=\"wp-image-4333\" srcset=\"https:\/\/merle-buehrer.de\/gs\/wp-content\/uploads\/2022\/07\/kartoffelsalat.jpg 756w, https:\/\/merle-buehrer.de\/gs\/wp-content\/uploads\/2022\/07\/kartoffelsalat-225x300.jpg 225w\" sizes=\"auto, (max-width: 756px) 100vw, 756px\" \/><\/a><figcaption>Spanischer Kartoffelsalat<\/figcaption><\/figure>\n<\/figure>\n\n\n\n<p>Der <strong>Donnerstag <\/strong>war dann vergleichsweise richtig kalt &#8211; ich darf doch aber gar nicht heizen! Pasta hilft jedoch fast immer: Rigatoni mit Knoblauchsauce und Mangold (<a rel=\"noreferrer noopener\" href=\"https:\/\/www.ichkoche.at\/tagliatelle-in-knoblauchsauce-mit-mangold-rezept-113503\" target=\"_blank\">\u00e4hnlich wie hier<\/a>). Am <strong>Freitag <\/strong>mit Zucchini-Waffeln (<a rel=\"noreferrer noopener\" href=\"https:\/\/www.lecker.de\/zucchiniwaffeln-71418.html\" target=\"_blank\">lecker.de)<\/a> und Fenchel-Orangen-Salat (<a rel=\"noreferrer noopener\" href=\"https:\/\/sz-magazin.sueddeutsche.de\/das-kochquartett\/sizilianischer-salat-von-fenchel-und-orangenfilets-mit-hummer-76643\" target=\"_blank\">SZ-Magazin<\/a>) wieder etwas sommerlicher.<\/p>\n\n\n\n<figure class=\"wp-block-gallery has-nested-images columns-default is-cropped wp-block-gallery-3 is-layout-flex wp-block-gallery-is-layout-flex\">\n<figure class=\"wp-block-image size-large\"><a href=\"https:\/\/merle-buehrer.de\/gs\/wp-content\/uploads\/2022\/07\/mangoldpasta.jpg\"><img loading=\"lazy\" decoding=\"async\" width=\"756\" height=\"1008\" data-id=\"4336\" src=\"https:\/\/merle-buehrer.de\/gs\/wp-content\/uploads\/2022\/07\/mangoldpasta.jpg\" alt=\"\" class=\"wp-image-4336\" srcset=\"https:\/\/merle-buehrer.de\/gs\/wp-content\/uploads\/2022\/07\/mangoldpasta.jpg 756w, https:\/\/merle-buehrer.de\/gs\/wp-content\/uploads\/2022\/07\/mangoldpasta-225x300.jpg 225w\" sizes=\"auto, (max-width: 756px) 100vw, 756px\" \/><\/a><figcaption>Mangold-Pasta<\/figcaption><\/figure>\n\n\n\n<figure class=\"wp-block-image size-large\"><a href=\"https:\/\/merle-buehrer.de\/gs\/wp-content\/uploads\/2022\/07\/zucchiniwaffeln.jpg\"><img loading=\"lazy\" decoding=\"async\" width=\"756\" height=\"1008\" data-id=\"4338\" src=\"https:\/\/merle-buehrer.de\/gs\/wp-content\/uploads\/2022\/07\/zucchiniwaffeln.jpg\" alt=\"\" class=\"wp-image-4338\" srcset=\"https:\/\/merle-buehrer.de\/gs\/wp-content\/uploads\/2022\/07\/zucchiniwaffeln.jpg 756w, https:\/\/merle-buehrer.de\/gs\/wp-content\/uploads\/2022\/07\/zucchiniwaffeln-225x300.jpg 225w\" sizes=\"auto, (max-width: 756px) 100vw, 756px\" \/><\/a><figcaption>Zucchini-Waffeln<\/figcaption><\/figure>\n<\/figure>\n\n\n\n<p>Am <strong>Samstag <\/strong><s>wieder ein 9\u20ac-Ausflug nach Uelzen. Beute waren  u.a. H\u00fchnerfl\u00fcgel (aka <a rel=\"noreferrer noopener\" href=\"https:\/\/merle-buehrer.de\/gs\/2022\/01\/16\/chicken-wings-cole-slaw-brezeln\/\" data-type=\"post\" data-id=\"3813\" target=\"_blank\">Chicken Wings<\/a>) und ein Spitzkohl und ein paar M\u00f6hren f\u00fcr den dazugeh\u00f6rigen Cole Slaw<\/s>  war &#8211; weil mindestens ein Zug wegen eines kurzfristigen Personalausfalls bei der Deutschen Bahn leider ausfallen musste &#8211; ein Besuch auf dem lokalen Markt angesagt. Dort gibt es auch H\u00fchner, aber Fl\u00fcgel nur mit Tier. Also auch keine Chicken Wings, sondern <a rel=\"noreferrer noopener\" href=\"https:\/\/merle-buehrer.de\/gs\/2022\/06\/12\/kw-23-22\/\" data-type=\"post\" data-id=\"4197\" target=\"_blank\">Chicken Teriyaki<\/a> mit Reis und ein paar Ingwer-M\u00f6hren. Am <strong>Sonntag <\/strong>war Besuch angesagt. Da man heutzutage ja nie wei\u00df, wer was wann warum nicht isst: <a href=\"https:\/\/merle-buehrer.de\/gs\/2022\/06\/19\/kw-24-22\/\" data-type=\"post\" data-id=\"4217\">Bulgurb\u00e4llchen <\/a>mit Zitronen-Couscous sind zumindest mal vegetarisch und wenn man das Ei wegl\u00e4sst (weglassen muss) auch vegan.<\/p>\n\n\n\n<figure class=\"wp-block-gallery has-nested-images columns-default is-cropped wp-block-gallery-4 is-layout-flex wp-block-gallery-is-layout-flex\">\n<figure class=\"wp-block-image size-large\"><a href=\"https:\/\/merle-buehrer.de\/gs\/wp-content\/uploads\/2022\/07\/chickenteriyaki.jpg\"><img loading=\"lazy\" decoding=\"async\" width=\"756\" height=\"1008\" data-id=\"4344\" src=\"https:\/\/merle-buehrer.de\/gs\/wp-content\/uploads\/2022\/07\/chickenteriyaki.jpg\" alt=\"\" class=\"wp-image-4344\" srcset=\"https:\/\/merle-buehrer.de\/gs\/wp-content\/uploads\/2022\/07\/chickenteriyaki.jpg 756w, https:\/\/merle-buehrer.de\/gs\/wp-content\/uploads\/2022\/07\/chickenteriyaki-225x300.jpg 225w\" sizes=\"auto, (max-width: 756px) 100vw, 756px\" \/><\/a><figcaption>Chicken Teriyaki<\/figcaption><\/figure>\n\n\n\n<figure class=\"wp-block-image size-large\"><a href=\"https:\/\/merle-buehrer.de\/gs\/wp-content\/uploads\/2022\/07\/bulgurbaellchen.jpg\"><img loading=\"lazy\" decoding=\"async\" width=\"756\" height=\"1008\" data-id=\"4347\" src=\"https:\/\/merle-buehrer.de\/gs\/wp-content\/uploads\/2022\/07\/bulgurbaellchen.jpg\" alt=\"\" class=\"wp-image-4347\" srcset=\"https:\/\/merle-buehrer.de\/gs\/wp-content\/uploads\/2022\/07\/bulgurbaellchen.jpg 756w, https:\/\/merle-buehrer.de\/gs\/wp-content\/uploads\/2022\/07\/bulgurbaellchen-225x300.jpg 225w\" sizes=\"auto, (max-width: 756px) 100vw, 756px\" \/><\/a><figcaption>Bulgur-B\u00e4llchen<\/figcaption><\/figure>\n<\/figure>\n\n\n\n<p><\/p>\n\n\n\n<p><\/p>\n\n\n\n<p><\/p>\n","protected":false},"excerpt":{"rendered":"<p>Wenn man sozusagen als Expat in einem fremden Land lebt &#8211; wie ich zum Beispiel als Schwabe in Niedersachsen &#8211; und die Landessprache nicht ausreichend beherrscht, dann kommt es unabdingbar hie und da zu Missverst\u00e4ndnissen. Zu Beginn war das zum Beispiel die Semmel, die ich aus Bayern als Fr\u00fchst\u00fccksbr\u00f6tchen mitgebracht hatte, und die sich hier &#8230; <a title=\"KW 29-22\" class=\"read-more\" href=\"https:\/\/merle-buehrer.de\/gs\/2022\/07\/24\/kw-29-22\/\" aria-label=\"Mehr Informationen \u00fcber KW 29-22\">Weiterlesen<\/a><\/p>\n","protected":false},"author":1,"featured_media":0,"comment_status":"open","ping_status":"open","sticky":false,"template":"","format":"standard","meta":{"footnotes":""},"categories":[1],"tags":[],"class_list":["post-4316","post","type-post","status-publish","format-standard","hentry","category-uncategorized"],"_links":{"self":[{"href":"https:\/\/merle-buehrer.de\/gs\/wp-json\/wp\/v2\/posts\/4316","targetHints":{"allow":["GET"]}}],"collection":[{"href":"https:\/\/merle-buehrer.de\/gs\/wp-json\/wp\/v2\/posts"}],"about":[{"href":"https:\/\/merle-buehrer.de\/gs\/wp-json\/wp\/v2\/types\/post"}],"author":[{"embeddable":true,"href":"https:\/\/merle-buehrer.de\/gs\/wp-json\/wp\/v2\/users\/1"}],"replies":[{"embeddable":true,"href":"https:\/\/merle-buehrer.de\/gs\/wp-json\/wp\/v2\/comments?post=4316"}],"version-history":[{"count":17,"href":"https:\/\/merle-buehrer.de\/gs\/wp-json\/wp\/v2\/posts\/4316\/revisions"}],"predecessor-version":[{"id":4348,"href":"https:\/\/merle-buehrer.de\/gs\/wp-json\/wp\/v2\/posts\/4316\/revisions\/4348"}],"wp:attachment":[{"href":"https:\/\/merle-buehrer.de\/gs\/wp-json\/wp\/v2\/media?parent=4316"}],"wp:term":[{"taxonomy":"category","embeddable":true,"href":"https:\/\/merle-buehrer.de\/gs\/wp-json\/wp\/v2\/categories?post=4316"},{"taxonomy":"post_tag","embeddable":true,"href":"https:\/\/merle-buehrer.de\/gs\/wp-json\/wp\/v2\/tags?post=4316"}],"curies":[{"name":"wp","href":"https:\/\/api.w.org\/{rel}","templated":true}]}}