{"id":735,"date":"2012-07-21T16:18:12","date_gmt":"2012-07-21T15:18:12","guid":{"rendered":"http:\/\/www.merle-buehrer.de\/gs\/?p=735"},"modified":"2013-04-14T23:24:54","modified_gmt":"2013-04-14T22:24:54","slug":"zum-ersten-mahl-kritik","status":"publish","type":"post","link":"https:\/\/merle-buehrer.de\/gs\/2012\/07\/21\/zum-ersten-mahl-kritik\/","title":{"rendered":"Zum ersten Ma(h)l: Kritik"},"content":{"rendered":"<p>Ich glaube, <a href=\"http:\/\/pastasciuttablog.blogspot.de\/2012\/07\/premierenstimmung-im-kochtopf.html\" target=\"_blank\">Natas<\/a> Event &#8222;Das erste Ma(h)l&#8220; ist inzwischen beendet. Dann ich kann ich ja ein bisschen rummeckern.<\/p>\n<p>Ich halte es f\u00fcr ganz schlechten Stil, Buchstaben einzuklammern, blo\u00df weil man nicht wei\u00df, wie man ein Wort schreibt. Daf\u00fcr gibt es doch inzwischen Rechtschreib-Programme!<\/p>\n<p>Obwohl: Alles soll man ja auch nicht den Maschinen \u00fcberlassen. Schlie\u00dflich hat der &#8222;Rat der deutschen Rechtschreibung&#8220; ja eine &#8222;<a href=\"http:\/\/rechtschreibrat.ids-mannheim.de\/download\/regeln2006.pdf\" target=\"_blank\">\u00dcberarbeitete Fassung des amtlichen Regelwerks 2004<\/a>&#8220; hinterlassen. Und da kann man doch einfach mal nachschauen.<\/p>\n<p style=\"text-align: left;\">F\u00fcr die Frage &#8222;Mal oder Mahl&#8220; k\u00f6nnte man auf Abschnitt 1.3 (&#8222;<em>Besondere Kennzeichnung der langen Vokale<\/em>&#8222;) zur\u00fcckgreifen und dort auf<\/p>\n<p style=\"text-align: left;\"><span style=\"font-family: Times New Roman; font-size: 13pt;\"><strong>\u00a7 6 Wenn einem betonten einfachen langen Vokal ein unbetonter kurzer Vokal unmittelbar folgt oder in erweiterten Formen eines Wortes folgen kann, so steht nach dem Buchstaben f\u00fcr den langen Vokal stets der Buchstabe <em>h<\/em>.<\/strong><br \/>\n<\/span><\/p>\n<p>Damit w\u00e4r das Handwerkszeug griffbereit: &#8222;<em>Stets<\/em>&#8220; ist schon mal gut, da muss man sich wenigsten keine Gedanken um Ausnahmen machen. Aber &#8222;<em>unmittelbar folgt<\/em>&#8222;? Ist [l] denn ein&#8220;unbetonter kurzer Vokal&#8220;? Wohl eher nicht. Schade. Vielleicht gibts noch andere Regeln? Ach, da, es geht weiter mit<\/p>\n<p><strong><span style=\"font-family: Times New Roman; font-size: 13pt;\">\u00a7 7 Das <em>h <\/em>steht ausnahmsweise auch nach dem Diphthong <\/span><span style=\"color: black; font-size: 10pt;\"><span style=\"font-family: Arial; background-color: white;\">[<\/span><span style=\"font-family: Arial Unicode MS; background-color: white;\">a\u026a\u032f<\/span><span style=\"font-family: Arial; background-color: white;\">]<\/span><\/span><\/strong><span style=\"font-family: Times New Roman; font-size: 13pt;\"><strong>.<\/strong><br \/>\n<\/span><\/p>\n<p>und was in aller Welt ist jetzt gleich nochmal ein Diphtong? Das [l] ja wohl eher nicht, also weiter mit:<\/p>\n<p><span style=\"font-size: 13pt;\"><strong><span style=\"font-family: Times New Roman;\">\u00a7 8 Wenn einem betonten langen Vokal einer der Konsonanten <\/span><span style=\"font-family: Arial;\">[l], [m], [n] <\/span><span style=\"font-family: Times New Roman;\">oder <\/span><span style=\"font-family: Arial;\">[r] <\/span><\/strong><span style=\"font-family: Times New Roman;\"><strong>folgt, so wird in vielen, jedoch nicht in der Mehrzahl der W\u00f6rter nach dem Buchstaben f\u00fcr den Vokal ein <em>h <\/em>eingef\u00fcgt.<\/strong><br \/>\n<\/span><\/span><\/p>\n<p>Endlich! Ein [l] nach einem langen betonten Vokal! Aber was hei\u00dft &#8222;i<em>n vielen, jedoch nicht in der Mehrzahl<\/em>&#8222;? Hei\u00dft das jetzt ja oder nein? Kommt da noch was? Ah hier, eine Erl\u00e4uterung<\/p>\n<p><span style=\"font-family: Times New Roman; font-size: 12pt;\"><strong>E1: Zu unterscheiden sind gleich lautende, aber unterschiedlich geschriebene Wortst\u00e4mme wie: <em>Mahl <\/em>aber <em>Mal, mahlen <\/em>aber <em>malen, Sohle <\/em>aber <\/strong><em><strong>Sole;<\/strong><br \/>\n<\/em><\/span><\/p>\n<p><em>Und jetzt? Wie jetzt? &#8222;<em>Mahl aber Mal<\/em>&#8222;, was soll das denn hei\u00dfen?<\/em><\/p>\n<p><em>Okay, Nata, Entschuldigung! Ich h\u00e4tts auch nicht gewusst.<\/em><\/p>\n<p><em><br \/>\n<\/em><\/p>\n","protected":false},"excerpt":{"rendered":"<p>Ich glaube, Natas Event &#8222;Das erste Ma(h)l&#8220; ist inzwischen beendet. Dann ich kann ich ja ein bisschen rummeckern. Ich halte es f\u00fcr ganz schlechten Stil, Buchstaben einzuklammern, blo\u00df weil man nicht wei\u00df, wie man ein Wort schreibt. Daf\u00fcr gibt es doch inzwischen Rechtschreib-Programme! Obwohl: Alles soll man ja auch nicht den Maschinen \u00fcberlassen. Schlie\u00dflich hat &#8230; <a title=\"Zum ersten Ma(h)l: Kritik\" class=\"read-more\" href=\"https:\/\/merle-buehrer.de\/gs\/2012\/07\/21\/zum-ersten-mahl-kritik\/\" aria-label=\"Mehr Informationen \u00fcber Zum ersten Ma(h)l: Kritik\">Weiterlesen<\/a><\/p>\n","protected":false},"author":1,"featured_media":0,"comment_status":"open","ping_status":"open","sticky":false,"template":"","format":"standard","meta":{"footnotes":""},"categories":[1],"tags":[],"class_list":["post-735","post","type-post","status-publish","format-standard","hentry","category-uncategorized"],"_links":{"self":[{"href":"https:\/\/merle-buehrer.de\/gs\/wp-json\/wp\/v2\/posts\/735","targetHints":{"allow":["GET"]}}],"collection":[{"href":"https:\/\/merle-buehrer.de\/gs\/wp-json\/wp\/v2\/posts"}],"about":[{"href":"https:\/\/merle-buehrer.de\/gs\/wp-json\/wp\/v2\/types\/post"}],"author":[{"embeddable":true,"href":"https:\/\/merle-buehrer.de\/gs\/wp-json\/wp\/v2\/users\/1"}],"replies":[{"embeddable":true,"href":"https:\/\/merle-buehrer.de\/gs\/wp-json\/wp\/v2\/comments?post=735"}],"version-history":[{"count":6,"href":"https:\/\/merle-buehrer.de\/gs\/wp-json\/wp\/v2\/posts\/735\/revisions"}],"predecessor-version":[{"id":955,"href":"https:\/\/merle-buehrer.de\/gs\/wp-json\/wp\/v2\/posts\/735\/revisions\/955"}],"wp:attachment":[{"href":"https:\/\/merle-buehrer.de\/gs\/wp-json\/wp\/v2\/media?parent=735"}],"wp:term":[{"taxonomy":"category","embeddable":true,"href":"https:\/\/merle-buehrer.de\/gs\/wp-json\/wp\/v2\/categories?post=735"},{"taxonomy":"post_tag","embeddable":true,"href":"https:\/\/merle-buehrer.de\/gs\/wp-json\/wp\/v2\/tags?post=735"}],"curies":[{"name":"wp","href":"https:\/\/api.w.org\/{rel}","templated":true}]}}